{"id":11870,"date":"2022-08-18T00:56:48","date_gmt":"2022-08-18T00:56:48","guid":{"rendered":"http:\/\/lahora.mx\/?p=11870"},"modified":"2022-08-18T00:56:49","modified_gmt":"2022-08-18T00:56:49","slug":"fondo-para-la-atencion-de-ninos-con-cancer-congreso-de-puebla","status":"publish","type":"post","link":"https:\/\/lahora.mx\/index.php\/2022\/08\/18\/fondo-para-la-atencion-de-ninos-con-cancer-congreso-de-puebla\/","title":{"rendered":"Fondo para la atenci\u00f3n de ni\u00f1os con c\u00e1ncer: Congreso de Puebla"},"content":{"rendered":"\n<p>Durante la sesi\u00f3n permanente del Congreso local de Puebla, el diputado panista Eduardo Alc\u00e1ntara presentar\u00e1 una iniciativa a la Ley Estatal de Salud para crear un fondo para la atenci\u00f3n de la ni\u00f1ez con c\u00e1ncer. De acuerdo al documento, el albiazul presentar\u00e1 un proyecto de decreto que adiciona una fracci\u00f3n al art\u00edculo 29 y una secci\u00f3n al cap\u00edtulo III de la Ley Estatal de Salud. La iniciativa propone que el gobierno estatal a trav\u00e9s de la Secretar\u00eda de Salud, establecer un fondo para la detenci\u00f3n oportuna, atenci\u00f3n y tratamiento integral del c\u00e1ncer, y con ello destinar recursos para la construcci\u00f3n, equipamiento, rehabilitaci\u00f3n, reforzamiento y reconstrucci\u00f3n de la infraestructura f\u00edsica necesaria para el tratamiento integral del c\u00e1ncer en la infancia y adolescencia. Adem\u00e1s de la adquisici\u00f3n de medicamentos y dem\u00e1s insumos necesarios para la detenci\u00f3n oportuna y el tratamiento integral de c\u00e1ncer infantil. El panista propone que los recursos del fondo para la detecci\u00f3n oportuna, atenci\u00f3n y tratamiento integral del c\u00e1ncer en la infancia y adolescencia, se integren de las leyes de ingresos y los presupuestos de egresos de la Federaci\u00f3n, Estado y Municipios. <\/p>\n","protected":false},"excerpt":{"rendered":"<p>Durante la sesi\u00f3n permanente del Congreso local de Puebla, el diputado panista Eduardo Alc\u00e1ntara presentar\u00e1 una iniciativa a la Ley Estatal de Salud para crear un fondo para la atenci\u00f3n de la ni\u00f1ez con c\u00e1ncer. De acuerdo al documento, el albiazul presentar\u00e1 un proyecto de decreto que adiciona una fracci\u00f3n al art\u00edculo 29 y una [&hellip;]<\/p>\n","protected":false},"author":4,"featured_media":11871,"comment_status":"open","ping_status":"open","sticky":false,"template":"","format":"standard","meta":{"om_disable_all_campaigns":false,"_monsterinsights_skip_tracking":false,"_monsterinsights_sitenote_active":false,"_monsterinsights_sitenote_note":"","_monsterinsights_sitenote_category":0,"footnotes":""},"categories":[175],"tags":[223],"class_list":["post-11870","post","type-post","status-publish","format-standard","has-post-thumbnail","hentry","category-local","tag-puebla"],"amp_enabled":true,"_links":{"self":[{"href":"https:\/\/lahora.mx\/index.php\/wp-json\/wp\/v2\/posts\/11870","targetHints":{"allow":["GET"]}}],"collection":[{"href":"https:\/\/lahora.mx\/index.php\/wp-json\/wp\/v2\/posts"}],"about":[{"href":"https:\/\/lahora.mx\/index.php\/wp-json\/wp\/v2\/types\/post"}],"author":[{"embeddable":true,"href":"https:\/\/lahora.mx\/index.php\/wp-json\/wp\/v2\/users\/4"}],"replies":[{"embeddable":true,"href":"https:\/\/lahora.mx\/index.php\/wp-json\/wp\/v2\/comments?post=11870"}],"version-history":[{"count":2,"href":"https:\/\/lahora.mx\/index.php\/wp-json\/wp\/v2\/posts\/11870\/revisions"}],"predecessor-version":[{"id":12683,"href":"https:\/\/lahora.mx\/index.php\/wp-json\/wp\/v2\/posts\/11870\/revisions\/12683"}],"wp:featuredmedia":[{"embeddable":true,"href":"https:\/\/lahora.mx\/index.php\/wp-json\/wp\/v2\/media\/11871"}],"wp:attachment":[{"href":"https:\/\/lahora.mx\/index.php\/wp-json\/wp\/v2\/media?parent=11870"}],"wp:term":[{"taxonomy":"category","embeddable":true,"href":"https:\/\/lahora.mx\/index.php\/wp-json\/wp\/v2\/categories?post=11870"},{"taxonomy":"post_tag","embeddable":true,"href":"https:\/\/lahora.mx\/index.php\/wp-json\/wp\/v2\/tags?post=11870"}],"curies":[{"name":"wp","href":"https:\/\/api.w.org\/{rel}","templated":true}]}}