{"id":11867,"date":"2022-08-18T00:48:44","date_gmt":"2022-08-18T00:48:44","guid":{"rendered":"http:\/\/lahora.mx\/?p=11867"},"modified":"2022-08-18T00:48:44","modified_gmt":"2022-08-18T00:48:44","slug":"congreso-de-puebla-prepara-nueva-mesa-directiva","status":"publish","type":"post","link":"https:\/\/lahora.mx\/index.php\/2022\/08\/18\/congreso-de-puebla-prepara-nueva-mesa-directiva\/","title":{"rendered":"Congreso de Puebla prepara nueva Mesa Directiva"},"content":{"rendered":"\n<p>Con el inicio del segundo a\u00f1o legislativo en el Congreso del estado tendr\u00e1n que definir a la siguiente Mesa Directiva en pr\u00f3ximas semanas y esta funcionar\u00e1 durante el primer semestre del a\u00f1o.<br><br>La legislaci\u00f3n cuenta con un cap\u00edtulo dedicado a este grupo de trabajo en el que, de inicio, se definen sus funciones dentro del Congreso.<\/p>\n\n\n\n<p>\u00abLa Mesa Directiva es el \u00d3rgano que conduce el Pleno del Congreso y es el \u00d3rgano que supervisa el trabajo legislativo de las Comisiones y Comit\u00e9s; asegura el debido desarrollo de los debates, discusiones, votaciones y garantiza que en los trabajos legislativos se observe lo previsto en la Constituci\u00f3n Pol\u00edtica del Estado Libre y Soberano de Puebla, en esta Ley, y su Reglamento Interior\u00bb detalla.<\/p>\n\n\n\n<p>Entre sus facultades est\u00e1 organizar las sesiones, ordenar trabajo, dar licencias, llamar a los suplentes e instruir recintos para sesionar.<\/p>\n\n\n\n<p>En cuanto a los tiempos, la ley prev\u00e9 que el a\u00f1o legislativo tiene un primer periodo del 15 de septiembre al 15 de marzo y un segundo del 16 de marzo al 14 de septiembre.<\/p>\n\n\n\n<p>Aumenta al doble n\u00famero de diputados desde el primer Congreso de Puebla<br>Aumenta al doble n\u00famero de diputados desde el primer Congreso de Puebla<br>Para esa designaci\u00f3n se prev\u00e9 que dentro de los cinco d\u00edas anteriores al cumplimiento del encargo y a propuesta de la Junta de Gobierno y Coordinaci\u00f3n Pol\u00edtica, se elija a una Mesa Directiva que cumpla con la paridad de g\u00e9nero.<\/p>\n\n\n\n<p>En lo que va de esta legislatura el primer grupo estuvo a cargo de Nora Merino Escamilla del Partido del Trabajo (PT) y la segunda, que est\u00e1 por terminar, a cargo de Aurora Sierra Rodr\u00edguez del Partido Acci\u00f3n Nacional (PAN).<\/p>\n\n\n\n<p>Para la siguiente designaci\u00f3n de presidente de la Mesa Directiva ya manifest\u00f3 su inter\u00e9s N\u00e9stor Camarillo Medina, plurinominal y dirigente estatal del Partido Revolucionario Institucional (PRI).<\/p>\n","protected":false},"excerpt":{"rendered":"<p>Con el inicio del segundo a\u00f1o legislativo en el Congreso del estado tendr\u00e1n que definir a la siguiente Mesa Directiva en pr\u00f3ximas semanas y esta funcionar\u00e1 durante el primer semestre del a\u00f1o. La legislaci\u00f3n cuenta con un cap\u00edtulo dedicado a este grupo de trabajo en el que, de inicio, se definen sus funciones dentro del [&hellip;]<\/p>\n","protected":false},"author":4,"featured_media":11868,"comment_status":"open","ping_status":"open","sticky":false,"template":"","format":"standard","meta":{"om_disable_all_campaigns":false,"_monsterinsights_skip_tracking":false,"_monsterinsights_sitenote_active":false,"_monsterinsights_sitenote_note":"","_monsterinsights_sitenote_category":0,"footnotes":""},"categories":[175],"tags":[223],"class_list":["post-11867","post","type-post","status-publish","format-standard","has-post-thumbnail","hentry","category-local","tag-puebla"],"amp_enabled":true,"_links":{"self":[{"href":"https:\/\/lahora.mx\/index.php\/wp-json\/wp\/v2\/posts\/11867","targetHints":{"allow":["GET"]}}],"collection":[{"href":"https:\/\/lahora.mx\/index.php\/wp-json\/wp\/v2\/posts"}],"about":[{"href":"https:\/\/lahora.mx\/index.php\/wp-json\/wp\/v2\/types\/post"}],"author":[{"embeddable":true,"href":"https:\/\/lahora.mx\/index.php\/wp-json\/wp\/v2\/users\/4"}],"replies":[{"embeddable":true,"href":"https:\/\/lahora.mx\/index.php\/wp-json\/wp\/v2\/comments?post=11867"}],"version-history":[{"count":1,"href":"https:\/\/lahora.mx\/index.php\/wp-json\/wp\/v2\/posts\/11867\/revisions"}],"predecessor-version":[{"id":11869,"href":"https:\/\/lahora.mx\/index.php\/wp-json\/wp\/v2\/posts\/11867\/revisions\/11869"}],"wp:featuredmedia":[{"embeddable":true,"href":"https:\/\/lahora.mx\/index.php\/wp-json\/wp\/v2\/media\/11868"}],"wp:attachment":[{"href":"https:\/\/lahora.mx\/index.php\/wp-json\/wp\/v2\/media?parent=11867"}],"wp:term":[{"taxonomy":"category","embeddable":true,"href":"https:\/\/lahora.mx\/index.php\/wp-json\/wp\/v2\/categories?post=11867"},{"taxonomy":"post_tag","embeddable":true,"href":"https:\/\/lahora.mx\/index.php\/wp-json\/wp\/v2\/tags?post=11867"}],"curies":[{"name":"wp","href":"https:\/\/api.w.org\/{rel}","templated":true}]}}