{"id":11861,"date":"2022-08-18T00:38:28","date_gmt":"2022-08-18T00:38:28","guid":{"rendered":"http:\/\/lahora.mx\/?p=11861"},"modified":"2022-08-18T00:38:30","modified_gmt":"2022-08-18T00:38:30","slug":"cuarto-foro-de-desarrollo-y-medio-ambiente-en-mexico-es-inaugurado-por-la-rectora-lilia-cedillo","status":"publish","type":"post","link":"https:\/\/lahora.mx\/index.php\/2022\/08\/18\/cuarto-foro-de-desarrollo-y-medio-ambiente-en-mexico-es-inaugurado-por-la-rectora-lilia-cedillo\/","title":{"rendered":"Cuarto foro de Desarrollo y Medio Ambiente en M\u00e9xico es inaugurado por la rectora Lilia Cedillo"},"content":{"rendered":"\n<p>El dilema que existe entre el desarrollo y medio ambiente es un tema que en la BUAP se aborda desde una visi\u00f3n multidisciplinaria; por ello, el Instituto de Ciencias (ICUAP) y el Instituto de Ciencias Sociales y Humanidades \u201cAlfonso V\u00e9lez Pliego\u201d (ICSyH) sumaron esfuerzos para realizar del 16 al 18 de agosto el \u201cCuarto Foro de Desarrollo y Medio Ambiente en M\u00e9xico: El paradigma de la bioculturalidad\u201d, el cual fue inaugurado por la Rectora Lilia Cedillo Ram\u00edrez en el Sal\u00f3n Barroco del Edificio Carolino.<\/p>\n\n\n\n<p>Al encabezar el evento, la doctora Cedillo enfatiz\u00f3 que la universidad tiene la tarea de incidir en la sociedad y crear conciencia en c\u00f3mo utilizamos los recursos naturales y la explotaci\u00f3n que hacemos de ellos: \u201cLa conciencia ambiental se crea a trav\u00e9s del conocimiento; este foro organizado por dos cuerpos acad\u00e9micos es una muestra del trabajo en conjunto y de la importancia de unir esfuerzos en lo acad\u00e9mico, pero tambi\u00e9n en muchos otros aspectos de la vida\u201d.<\/p>\n\n\n\n<p>La Rectora Lilia Cedillo celebr\u00f3 el esfuerzo de los organizadores del evento, el cual facilita la interacci\u00f3n acad\u00e9mica entre investigadores que se interesan en temas tan importantes como el cuidado del medio ambiente y el desarrollo de los pueblos que se han visto afectados por decisiones err\u00f3neas.<\/p>\n\n\n\n<p>Este Cuarto Foro de Desarrollo y Medio Ambiente en M\u00e9xico, en el que participar\u00e1n acad\u00e9micos de la BUAP, as\u00ed como especialistas del INAH y de la UNAM, contempla diferentes tem\u00e1ticas: en el primer d\u00eda abordaron la \u201cBioculturalidad: un nuevo horizonte ambiental\u201d; el 17 de agosto la sesi\u00f3n se enfocar\u00e1 en \u201cReservas bioculturales en M\u00e9xico\u201d; mientras que el 18 de agosto se reflexionar\u00e1 sobre \u201cLa territorialidad y los pueblos originarios\u201d.<\/p>\n\n\n\n<p>Como parte de los trabajos de este primer d\u00eda, el doctor Benjam\u00edn Ortiz Espejel \u2014de la Red de Patrimonio Biocultural de M\u00e9xico, autor de m\u00e1s de 120 art\u00edculos y cap\u00edtulos de libros cient\u00edficos y coautor de 11 libros sobre medio ambiente, educaci\u00f3n superior y sustentabilidad, editados en el pa\u00eds y el extranjero\u2014, dict\u00f3 la ponencia magistral en la que expuso una serie de reflexiones estructuradas en tres ejes.<\/p>\n\n\n\n<p>En el primero abord\u00f3 la bioculturalidad en la investigaci\u00f3n de los saberes de los habitantes de territorios; en el segundo, la visualizaci\u00f3n del mapa de las alternativas y propuestas desde las diferentes regiones; y, por \u00faltimo, la transdisciplina, vista como una estrategia para avanzar hacia una agenda de justicia epist\u00e9mica, desde las organizaciones sociales en los territorios bioculturales. A lo largo de su ponencia profundiz\u00f3 en el concepto de cultura y en los saberes de los habitantes de los territorios.<\/p>\n\n\n\n<p>En el evento inaugural estuvieron presentes Carolina Mor\u00e1n Raya, directora del Instituto de Ciencias; Giuseppe Lo Brutto, director del Instituto de Ciencias Sociales y Humanidades Alfonso V\u00e9lez Pliego, as\u00ed como los investigadores V\u00edctor Tamariz Flores y Carlos Figueroa Ibarra, del ICUAP y del ICSyH, respectivamente, adem\u00e1s de ser parte del comit\u00e9 organizador de este encuentro.<\/p>\n","protected":false},"excerpt":{"rendered":"<p>El dilema que existe entre el desarrollo y medio ambiente es un tema que en la BUAP se aborda desde una visi\u00f3n multidisciplinaria; por ello, el Instituto de Ciencias (ICUAP) y el Instituto de Ciencias Sociales y Humanidades \u201cAlfonso V\u00e9lez Pliego\u201d (ICSyH) sumaron esfuerzos para realizar del 16 al 18 de agosto el \u201cCuarto Foro [&hellip;]<\/p>\n","protected":false},"author":4,"featured_media":11862,"comment_status":"open","ping_status":"open","sticky":false,"template":"","format":"standard","meta":{"om_disable_all_campaigns":false,"_monsterinsights_skip_tracking":false,"_monsterinsights_sitenote_active":false,"_monsterinsights_sitenote_note":"","_monsterinsights_sitenote_category":0,"footnotes":""},"categories":[175],"tags":[186,223],"class_list":["post-11861","post","type-post","status-publish","format-standard","has-post-thumbnail","hentry","category-local","tag-buap","tag-puebla"],"amp_enabled":true,"_links":{"self":[{"href":"https:\/\/lahora.mx\/index.php\/wp-json\/wp\/v2\/posts\/11861","targetHints":{"allow":["GET"]}}],"collection":[{"href":"https:\/\/lahora.mx\/index.php\/wp-json\/wp\/v2\/posts"}],"about":[{"href":"https:\/\/lahora.mx\/index.php\/wp-json\/wp\/v2\/types\/post"}],"author":[{"embeddable":true,"href":"https:\/\/lahora.mx\/index.php\/wp-json\/wp\/v2\/users\/4"}],"replies":[{"embeddable":true,"href":"https:\/\/lahora.mx\/index.php\/wp-json\/wp\/v2\/comments?post=11861"}],"version-history":[{"count":2,"href":"https:\/\/lahora.mx\/index.php\/wp-json\/wp\/v2\/posts\/11861\/revisions"}],"predecessor-version":[{"id":13188,"href":"https:\/\/lahora.mx\/index.php\/wp-json\/wp\/v2\/posts\/11861\/revisions\/13188"}],"wp:featuredmedia":[{"embeddable":true,"href":"https:\/\/lahora.mx\/index.php\/wp-json\/wp\/v2\/media\/11862"}],"wp:attachment":[{"href":"https:\/\/lahora.mx\/index.php\/wp-json\/wp\/v2\/media?parent=11861"}],"wp:term":[{"taxonomy":"category","embeddable":true,"href":"https:\/\/lahora.mx\/index.php\/wp-json\/wp\/v2\/categories?post=11861"},{"taxonomy":"post_tag","embeddable":true,"href":"https:\/\/lahora.mx\/index.php\/wp-json\/wp\/v2\/tags?post=11861"}],"curies":[{"name":"wp","href":"https:\/\/api.w.org\/{rel}","templated":true}]}}