{"id":11671,"date":"2022-08-14T21:03:20","date_gmt":"2022-08-14T21:03:20","guid":{"rendered":"http:\/\/lahora.mx\/?p=11671"},"modified":"2022-08-14T21:03:20","modified_gmt":"2022-08-14T21:03:20","slug":"un-cadaver-es-hallado-en-bosques-de-san-sebastian-en-puebla","status":"publish","type":"post","link":"https:\/\/lahora.mx\/index.php\/2022\/08\/14\/un-cadaver-es-hallado-en-bosques-de-san-sebastian-en-puebla\/","title":{"rendered":"Un cad\u00e1ver es hallado en Bosques de San Sebasti\u00e1n en Puebla"},"content":{"rendered":"\n<p>A un costado de las v\u00edas del tren, a unos metros de Bodega Aurrer\u00e1 del infonavit Bosques de San Sebasti\u00e1n en la ciudad de Puebla, fue localizado el cuerpo sin vida de un hombre, sin que se pudiera determinar la causa de muerte.<\/p>\n\n\n\n<p>El hecho dado a conocer la ma\u00f1ana de este 14 de agosto moviliz\u00f3 a agentes de la Secretar\u00eda de Seguridad Ciudadana (SSC) del municipio de Puebla as\u00ed como a T\u00e9cnicos en Urgencias M\u00e9dicas (TUM\u2019s).<br>Una vez en el sitio, los cuerpos de atenci\u00f3n prehospitalaria revisaron los signos vitales del hombre, de alrededor de 40 a\u00f1os de edad, e indicaron que este ya no respiraba por lo que cl\u00ednicamente declararon su muerte pero sin poder determinar la causa, sin embargo, no encontraron huellas visibles de violencia.<\/p>\n\n\n\n<p>La zona fue acordonada por los polic\u00edas del municipio quienes dieron parte a la Fiscal\u00eda General del Estado de Puebla (FGE), que a su vez mand\u00f3 a un grupo de peritos del Instituto de Ciencias Forenses y a agentes estatales de investigaci\u00f3n de la unidad de homicidios.<\/p>\n\n\n\n<p>Tras la recolecci\u00f3n de datos e indicios las autoridades ministeriales ordenaron que el cad\u00e1ver hallado en Bosques de San Sebasti\u00e1n en Puebla y que fue anotado en calidad de desconocido fuera enviado al Servicio M\u00e9dico Forense (Semefo) a fin de conocer la causa del deceso y si existe alg\u00fan delito que perseguir.<br>De igual forma se espera que alguien llegue a la morgue y pueda identificar a la v\u00edctima.<\/p>\n","protected":false},"excerpt":{"rendered":"<p>A un costado de las v\u00edas del tren, a unos metros de Bodega Aurrer\u00e1 del infonavit Bosques de San Sebasti\u00e1n en la ciudad de Puebla, fue localizado el cuerpo sin vida de un hombre, sin que se pudiera determinar la causa de muerte. El hecho dado a conocer la ma\u00f1ana de este 14 de agosto [&hellip;]<\/p>\n","protected":false},"author":4,"featured_media":11672,"comment_status":"open","ping_status":"open","sticky":false,"template":"","format":"standard","meta":{"om_disable_all_campaigns":false,"_monsterinsights_skip_tracking":false,"_monsterinsights_sitenote_active":false,"_monsterinsights_sitenote_note":"","_monsterinsights_sitenote_category":0,"footnotes":""},"categories":[175,226],"tags":[223],"class_list":["post-11671","post","type-post","status-publish","format-standard","has-post-thumbnail","hentry","category-local","category-policia","tag-puebla"],"amp_enabled":true,"_links":{"self":[{"href":"https:\/\/lahora.mx\/index.php\/wp-json\/wp\/v2\/posts\/11671","targetHints":{"allow":["GET"]}}],"collection":[{"href":"https:\/\/lahora.mx\/index.php\/wp-json\/wp\/v2\/posts"}],"about":[{"href":"https:\/\/lahora.mx\/index.php\/wp-json\/wp\/v2\/types\/post"}],"author":[{"embeddable":true,"href":"https:\/\/lahora.mx\/index.php\/wp-json\/wp\/v2\/users\/4"}],"replies":[{"embeddable":true,"href":"https:\/\/lahora.mx\/index.php\/wp-json\/wp\/v2\/comments?post=11671"}],"version-history":[{"count":1,"href":"https:\/\/lahora.mx\/index.php\/wp-json\/wp\/v2\/posts\/11671\/revisions"}],"predecessor-version":[{"id":11673,"href":"https:\/\/lahora.mx\/index.php\/wp-json\/wp\/v2\/posts\/11671\/revisions\/11673"}],"wp:featuredmedia":[{"embeddable":true,"href":"https:\/\/lahora.mx\/index.php\/wp-json\/wp\/v2\/media\/11672"}],"wp:attachment":[{"href":"https:\/\/lahora.mx\/index.php\/wp-json\/wp\/v2\/media?parent=11671"}],"wp:term":[{"taxonomy":"category","embeddable":true,"href":"https:\/\/lahora.mx\/index.php\/wp-json\/wp\/v2\/categories?post=11671"},{"taxonomy":"post_tag","embeddable":true,"href":"https:\/\/lahora.mx\/index.php\/wp-json\/wp\/v2\/tags?post=11671"}],"curies":[{"name":"wp","href":"https:\/\/api.w.org\/{rel}","templated":true}]}}