{"id":11664,"date":"2022-08-14T20:55:26","date_gmt":"2022-08-14T20:55:26","guid":{"rendered":"http:\/\/lahora.mx\/?p=11664"},"modified":"2022-08-14T20:56:20","modified_gmt":"2022-08-14T20:56:20","slug":"piden-renuncia-de-la-delegada-del-imss-puebla-por-fallas-en-la-margarita","status":"publish","type":"post","link":"https:\/\/lahora.mx\/index.php\/2022\/08\/14\/piden-renuncia-de-la-delegada-del-imss-puebla-por-fallas-en-la-margarita\/","title":{"rendered":"Exdiputada pide renuncia de la delegada del IMSS Puebla por fallas en La Margarita"},"content":{"rendered":"\n<p>La exdiputada federal del PAN, Violeta Lagunes Viveros, exigi\u00f3 la renuncia de la delegada del Instituto Mexicano del Seguro Social (IMSS) en Puebla, Mar\u00eda Aurora Trevi\u00f1o Garc\u00eda, por las constantes fallas estructurales en el hospital La Margarita, la falta de contrataci\u00f3n de personal y nula transparencia en contratos.<\/p>\n\n\n\n<p>En conferencia de prensa, la integrante de la asociaci\u00f3n civil Todos para Todos pidi\u00f3 al director general del IMSS, Zo\u00e9 Robledo Aburto, que destituyan a la delegada en Puebla inicien todos los procedimientos penales y administrativos contra quien resulte responsable por presuntos actos de corrupci\u00f3n y\/o negligencia en el mantenimiento del nosocomio.<\/p>\n\n\n\n<p>Lagunes anunci\u00f3 que presentar\u00e1 las denuncias correspondientes ante la Secretar\u00eda de la Funci\u00f3n P\u00fablica (SFP), la Auditor\u00eda Superior de la Federaci\u00f3n (ASF), la Secretar\u00eda del Trabajo y Previsi\u00f3n Social (STPS) y la Fiscal\u00eda General de la Rep\u00fablica (FGE)<br>Se\u00f1al\u00f3 que desde mediados de 2021 a la fecha s\u00f3lo se han asignado poco menos de un mill\u00f3n de pesos al hospital La Margarita para obras vinculadas a capacitaci\u00f3n y la delegada del IMSS en Puebla no ha presentado proyectos de remodelaci\u00f3n y mantenimiento.<\/p>\n","protected":false},"excerpt":{"rendered":"<p>La exdiputada federal del PAN, Violeta Lagunes Viveros, exigi\u00f3 la renuncia de la delegada del Instituto Mexicano del Seguro Social (IMSS) en Puebla, Mar\u00eda Aurora Trevi\u00f1o Garc\u00eda, por las constantes fallas estructurales en el hospital La Margarita, la falta de contrataci\u00f3n de personal y nula transparencia en contratos. En conferencia de prensa, la integrante de [&hellip;]<\/p>\n","protected":false},"author":4,"featured_media":11665,"comment_status":"open","ping_status":"open","sticky":false,"template":"","format":"standard","meta":{"om_disable_all_campaigns":false,"_monsterinsights_skip_tracking":false,"_monsterinsights_sitenote_active":false,"_monsterinsights_sitenote_note":"","_monsterinsights_sitenote_category":0,"footnotes":""},"categories":[175],"tags":[195,223],"class_list":["post-11664","post","type-post","status-publish","format-standard","has-post-thumbnail","hentry","category-local","tag-principal","tag-puebla"],"amp_enabled":true,"_links":{"self":[{"href":"https:\/\/lahora.mx\/index.php\/wp-json\/wp\/v2\/posts\/11664","targetHints":{"allow":["GET"]}}],"collection":[{"href":"https:\/\/lahora.mx\/index.php\/wp-json\/wp\/v2\/posts"}],"about":[{"href":"https:\/\/lahora.mx\/index.php\/wp-json\/wp\/v2\/types\/post"}],"author":[{"embeddable":true,"href":"https:\/\/lahora.mx\/index.php\/wp-json\/wp\/v2\/users\/4"}],"replies":[{"embeddable":true,"href":"https:\/\/lahora.mx\/index.php\/wp-json\/wp\/v2\/comments?post=11664"}],"version-history":[{"count":2,"href":"https:\/\/lahora.mx\/index.php\/wp-json\/wp\/v2\/posts\/11664\/revisions"}],"predecessor-version":[{"id":11667,"href":"https:\/\/lahora.mx\/index.php\/wp-json\/wp\/v2\/posts\/11664\/revisions\/11667"}],"wp:featuredmedia":[{"embeddable":true,"href":"https:\/\/lahora.mx\/index.php\/wp-json\/wp\/v2\/media\/11665"}],"wp:attachment":[{"href":"https:\/\/lahora.mx\/index.php\/wp-json\/wp\/v2\/media?parent=11664"}],"wp:term":[{"taxonomy":"category","embeddable":true,"href":"https:\/\/lahora.mx\/index.php\/wp-json\/wp\/v2\/categories?post=11664"},{"taxonomy":"post_tag","embeddable":true,"href":"https:\/\/lahora.mx\/index.php\/wp-json\/wp\/v2\/tags?post=11664"}],"curies":[{"name":"wp","href":"https:\/\/api.w.org\/{rel}","templated":true}]}}