{"id":11523,"date":"2022-08-10T23:41:58","date_gmt":"2022-08-10T23:41:58","guid":{"rendered":"http:\/\/lahora.mx\/?p=11523"},"modified":"2022-08-10T23:41:59","modified_gmt":"2022-08-10T23:41:59","slug":"detienen-a-integrante-de-la-banda-los-famin","status":"publish","type":"post","link":"https:\/\/lahora.mx\/index.php\/2022\/08\/10\/detienen-a-integrante-de-la-banda-los-famin\/","title":{"rendered":"Detienen a integrante de la banda \u00bb Los Famin\u00bb"},"content":{"rendered":"\n<p>La Secretar\u00eda de Seguridad Ciudadana (SSC) del Municipio de Puebla ubic\u00f3 y detuvo a un presunto integrante de \u201cLos Famin\u201d, grupo delictivo dedicado al robo contra tiendas de conveniencia y miscel\u00e1neas.<\/p>\n\n\n\n<p>Resultado de un recorrido de vigilancia en la Junta Auxiliar Ignacio Romero Vargas, la Unidad T\u00e1ctica de Reacci\u00f3n (UTR) de la Polic\u00eda Municipal de Puebla logr\u00f3 la detenci\u00f3n de Adri\u00e1n \u201cN.\u201d, de 44 a\u00f1os de edad.<\/p>\n\n\n\n<p>Entre sus pertenencias se encontraron envoltorios que conten\u00edan hierba verde con caracter\u00edsticas similares a las de la marihuana. Adem\u00e1s, las Fuerzas Municipales aseguraron un veh\u00edculo Renault, Kwid, de color blanco.<\/p>\n\n\n\n<p>Adri\u00e1n \u201cN.\u201d fue identificado como integrante de \u201cLos Famin\u201d, c\u00e9lula delictiva presuntamente dedicada al robo a negocio, principalmente en agravio de tiendas de conveniencia y miscel\u00e1neas, situadas en la Junta Auxiliar Ignacio Romero Vargas.<\/p>\n\n\n\n<p>La SSC de Puebla, exhorta a la ciudadan\u00eda a que, en caso de reconocer a dicha persona como responsable de otros il\u00edcitos, formalice su denuncia ante la Fiscal\u00eda General del Estado (FGE).<\/p>\n","protected":false},"excerpt":{"rendered":"<p>La Secretar\u00eda de Seguridad Ciudadana (SSC) del Municipio de Puebla ubic\u00f3 y detuvo a un presunto integrante de \u201cLos Famin\u201d, grupo delictivo dedicado al robo contra tiendas de conveniencia y miscel\u00e1neas. Resultado de un recorrido de vigilancia en la Junta Auxiliar Ignacio Romero Vargas, la Unidad T\u00e1ctica de Reacci\u00f3n (UTR) de la Polic\u00eda Municipal de [&hellip;]<\/p>\n","protected":false},"author":4,"featured_media":11524,"comment_status":"open","ping_status":"open","sticky":false,"template":"","format":"standard","meta":{"om_disable_all_campaigns":false,"_monsterinsights_skip_tracking":false,"_monsterinsights_sitenote_active":false,"_monsterinsights_sitenote_note":"","_monsterinsights_sitenote_category":0,"footnotes":""},"categories":[175,226],"tags":[223],"class_list":["post-11523","post","type-post","status-publish","format-standard","has-post-thumbnail","hentry","category-local","category-policia","tag-puebla"],"amp_enabled":true,"_links":{"self":[{"href":"https:\/\/lahora.mx\/index.php\/wp-json\/wp\/v2\/posts\/11523","targetHints":{"allow":["GET"]}}],"collection":[{"href":"https:\/\/lahora.mx\/index.php\/wp-json\/wp\/v2\/posts"}],"about":[{"href":"https:\/\/lahora.mx\/index.php\/wp-json\/wp\/v2\/types\/post"}],"author":[{"embeddable":true,"href":"https:\/\/lahora.mx\/index.php\/wp-json\/wp\/v2\/users\/4"}],"replies":[{"embeddable":true,"href":"https:\/\/lahora.mx\/index.php\/wp-json\/wp\/v2\/comments?post=11523"}],"version-history":[{"count":1,"href":"https:\/\/lahora.mx\/index.php\/wp-json\/wp\/v2\/posts\/11523\/revisions"}],"predecessor-version":[{"id":11525,"href":"https:\/\/lahora.mx\/index.php\/wp-json\/wp\/v2\/posts\/11523\/revisions\/11525"}],"wp:featuredmedia":[{"embeddable":true,"href":"https:\/\/lahora.mx\/index.php\/wp-json\/wp\/v2\/media\/11524"}],"wp:attachment":[{"href":"https:\/\/lahora.mx\/index.php\/wp-json\/wp\/v2\/media?parent=11523"}],"wp:term":[{"taxonomy":"category","embeddable":true,"href":"https:\/\/lahora.mx\/index.php\/wp-json\/wp\/v2\/categories?post=11523"},{"taxonomy":"post_tag","embeddable":true,"href":"https:\/\/lahora.mx\/index.php\/wp-json\/wp\/v2\/tags?post=11523"}],"curies":[{"name":"wp","href":"https:\/\/api.w.org\/{rel}","templated":true}]}}