{"id":11520,"date":"2022-08-10T23:35:35","date_gmt":"2022-08-10T23:35:35","guid":{"rendered":"http:\/\/lahora.mx\/?p=11520"},"modified":"2022-08-10T23:35:36","modified_gmt":"2022-08-10T23:35:36","slug":"inicia-la-entrega-de-apoyos-a-productores-de-73-municipios-afectados-por-sequia-en-la-mixteca","status":"publish","type":"post","link":"https:\/\/lahora.mx\/index.php\/2022\/08\/10\/inicia-la-entrega-de-apoyos-a-productores-de-73-municipios-afectados-por-sequia-en-la-mixteca\/","title":{"rendered":"Inicia la entrega de apoyos a productores de 73 municipios afectados por sequ\u00eda en La Mixteca"},"content":{"rendered":"\n<p>La Secretar\u00eda de Desarrollo Rural (SDR) inici\u00f3 con la entrega de indemnizaciones a productoras y productores de los 73 municipios, los cuales resultaron afectados por sequ\u00eda en la Mixteca poblana y valles altos de la entidad.<\/p>\n\n\n\n<p>De este modo, en una primera jornada fueron apoyadas 163 personas dedicadas al cultivo de ma\u00edz de los municipios de Axutla, Ahuehuetitla y Chinantla, para cubrir una superficie de 197 hect\u00e1reas.<\/p>\n\n\n\n<p>Durante la entrega, la titular de la SDR, Ana Laura Altamirano P\u00e9rez destac\u00f3 que el gobierno de Puebla, encabezado por Miguel Barbosa Huerta, dispuso una estrategia \u00fanica a nivel nacional para atender afectaciones por sequ\u00eda.<\/p>\n\n\n\n<p>En ese sentido, se\u00f1al\u00f3 que el apoyo a productoras y productores es uno de los ejes rectores de la presente administraci\u00f3n, por ello es que ha sido una prioridad tener listos los pagos a las y los productores afectados por las contingencias climatol\u00f3gicas en los 217 municipios.<\/p>\n\n\n\n<p>Mediante esta acci\u00f3n, las familias trabajadoras del campo evitan la descapitalizaci\u00f3n, al contar con el apoyo econ\u00f3mico necesario para realizar una nueva siembra para el siguiente ciclo productivo.<\/p>\n\n\n\n<p>De igual modo, brigadas de la Secretar\u00eda continuar\u00e1n con el levantamiento de da\u00f1os al interior de las comunidades para garantizar que todas y todos, quienes tuvieron afectaciones en sus cultivos por sequ\u00eda, reciban la indemnizaci\u00f3n correspondiente.<\/p>\n","protected":false},"excerpt":{"rendered":"<p>La Secretar\u00eda de Desarrollo Rural (SDR) inici\u00f3 con la entrega de indemnizaciones a productoras y productores de los 73 municipios, los cuales resultaron afectados por sequ\u00eda en la Mixteca poblana y valles altos de la entidad. De este modo, en una primera jornada fueron apoyadas 163 personas dedicadas al cultivo de ma\u00edz de los municipios [&hellip;]<\/p>\n","protected":false},"author":4,"featured_media":11521,"comment_status":"open","ping_status":"open","sticky":false,"template":"","format":"standard","meta":{"om_disable_all_campaigns":false,"_monsterinsights_skip_tracking":false,"_monsterinsights_sitenote_active":false,"_monsterinsights_sitenote_note":"","_monsterinsights_sitenote_category":0,"footnotes":""},"categories":[175],"tags":[195,223],"class_list":["post-11520","post","type-post","status-publish","format-standard","has-post-thumbnail","hentry","category-local","tag-principal","tag-puebla"],"amp_enabled":true,"_links":{"self":[{"href":"https:\/\/lahora.mx\/index.php\/wp-json\/wp\/v2\/posts\/11520","targetHints":{"allow":["GET"]}}],"collection":[{"href":"https:\/\/lahora.mx\/index.php\/wp-json\/wp\/v2\/posts"}],"about":[{"href":"https:\/\/lahora.mx\/index.php\/wp-json\/wp\/v2\/types\/post"}],"author":[{"embeddable":true,"href":"https:\/\/lahora.mx\/index.php\/wp-json\/wp\/v2\/users\/4"}],"replies":[{"embeddable":true,"href":"https:\/\/lahora.mx\/index.php\/wp-json\/wp\/v2\/comments?post=11520"}],"version-history":[{"count":1,"href":"https:\/\/lahora.mx\/index.php\/wp-json\/wp\/v2\/posts\/11520\/revisions"}],"predecessor-version":[{"id":11522,"href":"https:\/\/lahora.mx\/index.php\/wp-json\/wp\/v2\/posts\/11520\/revisions\/11522"}],"wp:featuredmedia":[{"embeddable":true,"href":"https:\/\/lahora.mx\/index.php\/wp-json\/wp\/v2\/media\/11521"}],"wp:attachment":[{"href":"https:\/\/lahora.mx\/index.php\/wp-json\/wp\/v2\/media?parent=11520"}],"wp:term":[{"taxonomy":"category","embeddable":true,"href":"https:\/\/lahora.mx\/index.php\/wp-json\/wp\/v2\/categories?post=11520"},{"taxonomy":"post_tag","embeddable":true,"href":"https:\/\/lahora.mx\/index.php\/wp-json\/wp\/v2\/tags?post=11520"}],"curies":[{"name":"wp","href":"https:\/\/api.w.org\/{rel}","templated":true}]}}