{"id":11517,"date":"2022-08-10T23:32:02","date_gmt":"2022-08-10T23:32:02","guid":{"rendered":"http:\/\/lahora.mx\/?p=11517"},"modified":"2022-08-10T23:32:03","modified_gmt":"2022-08-10T23:32:03","slug":"retraso-de-eleccion-de-dirigente-de-morena-no-es-por-temas-politicos-menciona-barbosa","status":"publish","type":"post","link":"https:\/\/lahora.mx\/index.php\/2022\/08\/10\/retraso-de-eleccion-de-dirigente-de-morena-no-es-por-temas-politicos-menciona-barbosa\/","title":{"rendered":"Retraso de elecci\u00f3n de dirigente de Morena no es por temas pol\u00edticos menciona Barbosa"},"content":{"rendered":"\n<p>El gobernador de Puebla, Miguel Barbosa Huerta, rechaz\u00f3 que el atraso en la elecci\u00f3n del dirigente de Morena se deba a temas pol\u00edticos, pues remarc\u00f3 que el c\u00f3mputo de las actas a nivel nacional sufri\u00f3 un retraso y la s\u00e1bana de resultados s\u00f3lo puede emitirse si est\u00e1 completa.<\/p>\n\n\n\n<p>\u201cNo es un asunto que tenga que ver con Puebla, el diferimiento de la celebraci\u00f3n de las asambleas para instar los consejos y elegir a las direcciones nacionales, nada que ver, por favor, digo, hay que tener sensatez tambi\u00e9n para percibir los hechos pol\u00edticos\u201d, se\u00f1al\u00f3 en rueda de prensa.<\/p>\n\n\n\n<p>Detall\u00f3 que el nuevo Consejo Nacional del partido en el que milita, estar\u00e1 formado por tres mil integrantes reci\u00e9n elegidos, quienes representar\u00e1n a los diversos distritos que hay en los 32 estados del pa\u00eds. Por esa raz\u00f3n, apunt\u00f3 que hay un rezago en las revisiones y auditor\u00edas a la papeler\u00eda electoral, sin embargo, refiri\u00f3 que la entidad poblana es ajena a esa condici\u00f3n.<br>\u201cPuebla desahog\u00f3 ya todo, entrega de paquetes, desde dos o tres d\u00edas despu\u00e9s. Ya las actas est\u00e1n entregadas y el c\u00f3mputo est\u00e1 realizado\u201d, mencion\u00f3.<\/p>\n\n\n\n<p>Ante este contexto, hizo hincapi\u00e9 en que la situaci\u00f3n no debe dar pie a interpretaciones adversas: \u201cLos resultados est\u00e1n ah\u00ed y la gente se expres\u00f3, y bueno seguramente habr\u00e1 quien diga lo contrario pero pues ya son algunos coletazos (sic) de los que siempre han declarado\u201d.<\/p>\n\n\n\n<p>Del mismo modo, se pronunci\u00f3 a favor de que sean presentados recursos de inconformidad posteriores a los comicios internos de Morena, pues insisti\u00f3 en que es un derecho pol\u00edtico al cual tienen acceso los aspirantes: \u201cA ver, las impugnaciones, que se desahoguen [las] que tengan que desahogarse, es su derecho\u201d. <\/p>\n","protected":false},"excerpt":{"rendered":"<p>El gobernador de Puebla, Miguel Barbosa Huerta, rechaz\u00f3 que el atraso en la elecci\u00f3n del dirigente de Morena se deba a temas pol\u00edticos, pues remarc\u00f3 que el c\u00f3mputo de las actas a nivel nacional sufri\u00f3 un retraso y la s\u00e1bana de resultados s\u00f3lo puede emitirse si est\u00e1 completa. \u201cNo es un asunto que tenga que [&hellip;]<\/p>\n","protected":false},"author":4,"featured_media":11518,"comment_status":"open","ping_status":"open","sticky":false,"template":"","format":"standard","meta":{"om_disable_all_campaigns":false,"_monsterinsights_skip_tracking":false,"_monsterinsights_sitenote_active":false,"_monsterinsights_sitenote_note":"","_monsterinsights_sitenote_category":0,"footnotes":""},"categories":[175],"tags":[223],"class_list":["post-11517","post","type-post","status-publish","format-standard","has-post-thumbnail","hentry","category-local","tag-puebla"],"amp_enabled":true,"_links":{"self":[{"href":"https:\/\/lahora.mx\/index.php\/wp-json\/wp\/v2\/posts\/11517","targetHints":{"allow":["GET"]}}],"collection":[{"href":"https:\/\/lahora.mx\/index.php\/wp-json\/wp\/v2\/posts"}],"about":[{"href":"https:\/\/lahora.mx\/index.php\/wp-json\/wp\/v2\/types\/post"}],"author":[{"embeddable":true,"href":"https:\/\/lahora.mx\/index.php\/wp-json\/wp\/v2\/users\/4"}],"replies":[{"embeddable":true,"href":"https:\/\/lahora.mx\/index.php\/wp-json\/wp\/v2\/comments?post=11517"}],"version-history":[{"count":1,"href":"https:\/\/lahora.mx\/index.php\/wp-json\/wp\/v2\/posts\/11517\/revisions"}],"predecessor-version":[{"id":11519,"href":"https:\/\/lahora.mx\/index.php\/wp-json\/wp\/v2\/posts\/11517\/revisions\/11519"}],"wp:featuredmedia":[{"embeddable":true,"href":"https:\/\/lahora.mx\/index.php\/wp-json\/wp\/v2\/media\/11518"}],"wp:attachment":[{"href":"https:\/\/lahora.mx\/index.php\/wp-json\/wp\/v2\/media?parent=11517"}],"wp:term":[{"taxonomy":"category","embeddable":true,"href":"https:\/\/lahora.mx\/index.php\/wp-json\/wp\/v2\/categories?post=11517"},{"taxonomy":"post_tag","embeddable":true,"href":"https:\/\/lahora.mx\/index.php\/wp-json\/wp\/v2\/tags?post=11517"}],"curies":[{"name":"wp","href":"https:\/\/api.w.org\/{rel}","templated":true}]}}