{"id":11482,"date":"2022-08-10T14:05:46","date_gmt":"2022-08-10T14:05:46","guid":{"rendered":"http:\/\/lahora.mx\/?p=11482"},"modified":"2022-08-10T14:05:47","modified_gmt":"2022-08-10T14:05:47","slug":"delincuentes-queman-camiones-en-carretera-a-saltillo-tras-enfrentamiento-en-zapopan","status":"publish","type":"post","link":"https:\/\/lahora.mx\/index.php\/2022\/08\/10\/delincuentes-queman-camiones-en-carretera-a-saltillo-tras-enfrentamiento-en-zapopan\/","title":{"rendered":"Delincuentes queman camiones en carretera a Saltillo tras enfrentamiento en Zapopan"},"content":{"rendered":"\n<p>Luego de un enfrentamiento entre elementos militares y miembros de la delincuencia organizada en Zapopan, Jalisco, criminales incendiaron camiones para evitar el paso de elementos de seguridad a la zona.<\/p>\n\n\n\n<p>El gobernador de Jalisco, Enrique Alfaro inform\u00f3 que el enfrentamiento se llev\u00f3 a cabo en \u201cla colindancia entre Ixtlahuac\u00e1n del R\u00edo y Cuqu\u00edo\u201d.<\/p>\n\n\n\n<p>Los camiones fueron incendiados en la carretera a Saltillo, en el ingreso a la ciudad de Zapopan, \u201cesto con la finalidad de tratar de evitar el paso de corporaciones de seguridad\u201d.<\/p>\n\n\n\n<p>A trav\u00e9s de redes sociales, el mandatario estatal indic\u00f3 que afortunadamente no hay ning\u00fan lesionado y la situaci\u00f3n est\u00e1 bajo control.<\/p>\n\n\n\n<p>Autoridades de seguridad, confirmaron la quema de cuatro veh\u00edculos y el bloqueo de la carretera a Saltillo, de la ciudad hacia San Gabriel.<\/p>\n\n\n\n<p>Se confirm\u00f3 la quema de un cami\u00f3n urbano en el cruce de la carretera a Coahuila (Saltillo) y la Calle Ch\u00edcharo; Otro urbano m\u00e1s en las calles San Isidro y R\u00edo Blanco y un tercero en Valle de San Isidro y San Isidro.<\/p>\n","protected":false},"excerpt":{"rendered":"<p>Luego de un enfrentamiento entre elementos militares y miembros de la delincuencia organizada en Zapopan, Jalisco, criminales incendiaron camiones para evitar el paso de elementos de seguridad a la zona. El gobernador de Jalisco, Enrique Alfaro inform\u00f3 que el enfrentamiento se llev\u00f3 a cabo en \u201cla colindancia entre Ixtlahuac\u00e1n del R\u00edo y Cuqu\u00edo\u201d. Los camiones [&hellip;]<\/p>\n","protected":false},"author":4,"featured_media":11483,"comment_status":"open","ping_status":"open","sticky":false,"template":"","format":"standard","meta":{"om_disable_all_campaigns":false,"_monsterinsights_skip_tracking":false,"_monsterinsights_sitenote_active":false,"_monsterinsights_sitenote_note":"","_monsterinsights_sitenote_category":0,"footnotes":""},"categories":[176],"tags":[],"class_list":["post-11482","post","type-post","status-publish","format-standard","has-post-thumbnail","hentry","category-nacional"],"amp_enabled":true,"_links":{"self":[{"href":"https:\/\/lahora.mx\/index.php\/wp-json\/wp\/v2\/posts\/11482","targetHints":{"allow":["GET"]}}],"collection":[{"href":"https:\/\/lahora.mx\/index.php\/wp-json\/wp\/v2\/posts"}],"about":[{"href":"https:\/\/lahora.mx\/index.php\/wp-json\/wp\/v2\/types\/post"}],"author":[{"embeddable":true,"href":"https:\/\/lahora.mx\/index.php\/wp-json\/wp\/v2\/users\/4"}],"replies":[{"embeddable":true,"href":"https:\/\/lahora.mx\/index.php\/wp-json\/wp\/v2\/comments?post=11482"}],"version-history":[{"count":1,"href":"https:\/\/lahora.mx\/index.php\/wp-json\/wp\/v2\/posts\/11482\/revisions"}],"predecessor-version":[{"id":11484,"href":"https:\/\/lahora.mx\/index.php\/wp-json\/wp\/v2\/posts\/11482\/revisions\/11484"}],"wp:featuredmedia":[{"embeddable":true,"href":"https:\/\/lahora.mx\/index.php\/wp-json\/wp\/v2\/media\/11483"}],"wp:attachment":[{"href":"https:\/\/lahora.mx\/index.php\/wp-json\/wp\/v2\/media?parent=11482"}],"wp:term":[{"taxonomy":"category","embeddable":true,"href":"https:\/\/lahora.mx\/index.php\/wp-json\/wp\/v2\/categories?post=11482"},{"taxonomy":"post_tag","embeddable":true,"href":"https:\/\/lahora.mx\/index.php\/wp-json\/wp\/v2\/tags?post=11482"}],"curies":[{"name":"wp","href":"https:\/\/api.w.org\/{rel}","templated":true}]}}