{"id":11417,"date":"2022-08-09T17:04:30","date_gmt":"2022-08-09T17:04:30","guid":{"rendered":"http:\/\/lahora.mx\/?p=11417"},"modified":"2022-08-09T17:04:31","modified_gmt":"2022-08-09T17:04:31","slug":"inflacion-en-mexico-continua-imparable-en-julio-se-acelero-a-8-15","status":"publish","type":"post","link":"https:\/\/lahora.mx\/index.php\/2022\/08\/09\/inflacion-en-mexico-continua-imparable-en-julio-se-acelero-a-8-15\/","title":{"rendered":"Inflaci\u00f3n en M\u00e9xico contin\u00faa imparable; en julio se aceler\u00f3 a 8.15%"},"content":{"rendered":"\n<p>La inflaci\u00f3n a los consumidores continu\u00f3 imparable en el mes de julio, en donde alcanz\u00f3 un nivel que no se ve\u00eda desde finales del 2000, de acuerdo con la informaci\u00f3n del Instituto Nacional de Estad\u00edstica y Geograf\u00eda (Inegi).<\/p>\n\n\n\n<p>En el s\u00e9ptimo mes del a\u00f1o, el \u00cdndice Nacional de Precios al Consumidor (INPC) se volvi\u00f3 a acelerar y alcanz\u00f3 un nivel de 8.15% anual, el mayor desde hace m\u00e1s de dos d\u00e9cadas, luego de que en diciembre del 2000 los precios se incrementaran en 8.96 por ciento.<\/p>\n\n\n\n<p>La inflaci\u00f3n en julio se ubic\u00f3 ligeramente por arriba de la proyecci\u00f3n del mercado, el cual esperaba que los precios se aceleraran en 8.13%, de acuerdo con el sondeo de Reuters.<\/p>\n\n\n\n<p>El dato dejar\u00eda la puerta abierta para que Banco de M\u00e9xico (Banxico) contin\u00fae con el endurecimiento de su pol\u00edtica monetaria, por lo que se espera que en su pr\u00f3xima reuni\u00f3n, el jueves, incremente su tasa en otros 75 puntos base.<\/p>\n\n\n\n<p>En lo que va del a\u00f1o, la Inflaci\u00f3n ha sido el dolor de cabeza a nivel mundial. Impactada por los choques de oferta por la pandemia, los precios empezaron a incrementar a\u00fan m\u00e1s luego del conflicto b\u00e9lico entre Rusia y Ucrania, lo que ha disparado los precios de los energ\u00e9ticos y los granos.<\/p>\n\n\n\n<p>Esto ha llevado a que varios organismos, como el Fondo Monetario Internacional (FMI), adviertan de los efectos adversos de los altos niveles de inflaci\u00f3n en la econom\u00eda y, sobre todo, en la poblaci\u00f3n de menores recursos, a la vez que los bancos centrales han incrementado sus tasas de inter\u00e9s para intentar contener los niveles.<\/p>\n\n\n\n<p>En M\u00e9xico, el gobierno del presidente Andr\u00e9s Manuel L\u00f3pez Obrador puso en marcha el Paquete Contra la Inflaci\u00f3n y la Carest\u00eda (PACIC), en donde a trav\u00e9s de diversas medidas espera estabilizar el precio de productos que fueron considerados en una<\/p>\n\n\n\n<p>canasta b\u00e1sica, como el huevo, pollo, naranja entre otros.<\/p>\n\n\n\n<p>No obstante, instituciones y analistas han mencionado que el impacto del PACIC ser\u00eda limitado, a la vez de que han advertido de que la inflaci\u00f3n a\u00fan no ha alcanzado su pico.<\/p>\n\n\n\n<p>Aumento generalizado<\/p>\n\n\n\n<p>El informe del Inegi mostr\u00f3 que, nuevamente, el aumento en los precios se dio de manera generalizada; no obstante, los precios de las mercanc\u00edas contin\u00faan como la mayor presi\u00f3n para los bolsillos de los mexicanos.<\/p>\n\n\n\n<p>El \u00edndice subyacente, que elimina de su precio los productos y servicios con precios m\u00e1s vol\u00e1tiles, mostr\u00f3 una tasa de 7.65% anual.<\/p>\n\n\n\n<p>Lo anterior se debi\u00f3 a que las mercanc\u00edas vieron un incremento en su precio de 10.07%, explicado principalmente por un aumento de 12.07% del rubro de los alimentos, bebidas y tabaco.<\/p>\n\n\n\n<p>En el caso de la inflaci\u00f3n no subyacente, esta se ubic\u00f3 a una tasa anual de 9.65 por ciento. Dentro de este \u00edndice, los productos agropecuarios se encarecieron en 16.05%, mientras que los energ\u00e9ticos y tarifas de gobierno en 4.76 por ciento.<\/p>\n","protected":false},"excerpt":{"rendered":"<p>La inflaci\u00f3n a los consumidores continu\u00f3 imparable en el mes de julio, en donde alcanz\u00f3 un nivel que no se ve\u00eda desde finales del 2000, de acuerdo con la informaci\u00f3n del Instituto Nacional de Estad\u00edstica y Geograf\u00eda (Inegi). En el s\u00e9ptimo mes del a\u00f1o, el \u00cdndice Nacional de Precios al Consumidor (INPC) se volvi\u00f3 a [&hellip;]<\/p>\n","protected":false},"author":4,"featured_media":11419,"comment_status":"open","ping_status":"open","sticky":false,"template":"","format":"standard","meta":{"om_disable_all_campaigns":false,"_monsterinsights_skip_tracking":false,"_monsterinsights_sitenote_active":false,"_monsterinsights_sitenote_note":"","_monsterinsights_sitenote_category":0,"footnotes":""},"categories":[176],"tags":[],"class_list":["post-11417","post","type-post","status-publish","format-standard","has-post-thumbnail","hentry","category-nacional"],"amp_enabled":true,"_links":{"self":[{"href":"https:\/\/lahora.mx\/index.php\/wp-json\/wp\/v2\/posts\/11417","targetHints":{"allow":["GET"]}}],"collection":[{"href":"https:\/\/lahora.mx\/index.php\/wp-json\/wp\/v2\/posts"}],"about":[{"href":"https:\/\/lahora.mx\/index.php\/wp-json\/wp\/v2\/types\/post"}],"author":[{"embeddable":true,"href":"https:\/\/lahora.mx\/index.php\/wp-json\/wp\/v2\/users\/4"}],"replies":[{"embeddable":true,"href":"https:\/\/lahora.mx\/index.php\/wp-json\/wp\/v2\/comments?post=11417"}],"version-history":[{"count":1,"href":"https:\/\/lahora.mx\/index.php\/wp-json\/wp\/v2\/posts\/11417\/revisions"}],"predecessor-version":[{"id":11420,"href":"https:\/\/lahora.mx\/index.php\/wp-json\/wp\/v2\/posts\/11417\/revisions\/11420"}],"wp:featuredmedia":[{"embeddable":true,"href":"https:\/\/lahora.mx\/index.php\/wp-json\/wp\/v2\/media\/11419"}],"wp:attachment":[{"href":"https:\/\/lahora.mx\/index.php\/wp-json\/wp\/v2\/media?parent=11417"}],"wp:term":[{"taxonomy":"category","embeddable":true,"href":"https:\/\/lahora.mx\/index.php\/wp-json\/wp\/v2\/categories?post=11417"},{"taxonomy":"post_tag","embeddable":true,"href":"https:\/\/lahora.mx\/index.php\/wp-json\/wp\/v2\/tags?post=11417"}],"curies":[{"name":"wp","href":"https:\/\/api.w.org\/{rel}","templated":true}]}}