{"id":11402,"date":"2022-08-09T02:58:05","date_gmt":"2022-08-09T02:58:05","guid":{"rendered":"http:\/\/lahora.mx\/?p=11402"},"modified":"2022-08-09T02:58:06","modified_gmt":"2022-08-09T02:58:06","slug":"2-mil-nuevos-casos-covid-y-22-muertes-son-reportados-en-las-ultimas-24-horas-en-mexico","status":"publish","type":"post","link":"https:\/\/lahora.mx\/index.php\/2022\/08\/09\/2-mil-nuevos-casos-covid-y-22-muertes-son-reportados-en-las-ultimas-24-horas-en-mexico\/","title":{"rendered":"2 mil nuevos casos covid y 22 muertes son reportados en las ultimas 24 horas en M\u00e9xico"},"content":{"rendered":"\n<p>En un d\u00eda, se registraron 2 mil 500 nuevos contagios de coronavirus, por tanto, la cifra total aument\u00f3 a 6 millones 859 mil 970.<\/p>\n\n\n\n<p>Durante la semana epidemiol\u00f3gica n\u00famero 31, que comprende del 31 de julio al 6 de agosto, se reportaron en promedio 5 mil 942 contagios cada 24 horas.<\/p>\n\n\n\n<p>Las muertes por covid-19 se incrementaron a 328 mil 342 por el reporte de 22 decesos<\/p>\n\n\n\n<p>La Secretar\u00eda de Salud inform\u00f3 que la ocupaci\u00f3n nacional hospitalaria no tuvo cambios. En camas generales se mantuvo en 12% y en camas de terapia intensiva en 4%.<\/p>\n\n\n\n<p>Los casos activos, que son las personas positivas a coronavirus que presentaron s\u00edntomas en los \u00faltimos 14 d\u00edas y que podr\u00edan contagiar, se ubicaron en 90 mil 638. Al agregar, los que est\u00e1n por confirmarse, dar\u00edan un total de 94 mil 877 casos activos estimados.<\/p>\n\n\n\n<p>Los pacientes que se han recuperado del contagio de coronavirus son 6 millones 054 mil 105 casos.<\/p>\n\n\n\n<p>VACUNACI\u00d3N CONTRA COVID-19<\/p>\n\n\n\n<p>A la fecha, -con al menos una dosis-se ha vacunado contra el virus SARS-CoV-2, a 94 millones 736 mil 020 personas de 5 o m\u00e1s a\u00f1os, lo que equivale al 80% de cobertura de este grupo poblacional.<\/p>\n\n\n\n<p>En lo referente a los mayores de 18 a\u00f1os, se ha inmunizado al 91%, es decir, a 81 millones 188 mil 010 personas.<\/p>\n\n\n\n<p>Espec\u00edficamente en la poblaci\u00f3n de 12 a 17 a\u00f1os se ha vacunado al 62%, lo cual significa que 8 millones 324 mil 471 de ni\u00f1as y ni\u00f1os, ya tienen al menos una dosis.<\/p>\n\n\n\n<p>Entre los 5 y los 11 a\u00f1os, se ha inmunizado a 5 millones 223 mil 539, lo que es equivalente al 34% del total de esta poblaci\u00f3n.<\/p>\n\n\n\n<p>Hasta el momento, el n\u00famero de personas mayores de 18 a\u00f1os que han recibido la dosis de refuerzo contra covid-19 ascendi\u00f3 a 56 millones 800 mil 006, lo que equivale a una cobertura del 70%.<\/p>\n","protected":false},"excerpt":{"rendered":"<p>En un d\u00eda, se registraron 2 mil 500 nuevos contagios de coronavirus, por tanto, la cifra total aument\u00f3 a 6 millones 859 mil 970. Durante la semana epidemiol\u00f3gica n\u00famero 31, que comprende del 31 de julio al 6 de agosto, se reportaron en promedio 5 mil 942 contagios cada 24 horas. Las muertes por covid-19 [&hellip;]<\/p>\n","protected":false},"author":4,"featured_media":11403,"comment_status":"open","ping_status":"open","sticky":false,"template":"","format":"standard","meta":{"om_disable_all_campaigns":false,"_monsterinsights_skip_tracking":false,"_monsterinsights_sitenote_active":false,"_monsterinsights_sitenote_note":"","_monsterinsights_sitenote_category":0,"footnotes":""},"categories":[176],"tags":[],"class_list":["post-11402","post","type-post","status-publish","format-standard","has-post-thumbnail","hentry","category-nacional"],"amp_enabled":true,"_links":{"self":[{"href":"https:\/\/lahora.mx\/index.php\/wp-json\/wp\/v2\/posts\/11402","targetHints":{"allow":["GET"]}}],"collection":[{"href":"https:\/\/lahora.mx\/index.php\/wp-json\/wp\/v2\/posts"}],"about":[{"href":"https:\/\/lahora.mx\/index.php\/wp-json\/wp\/v2\/types\/post"}],"author":[{"embeddable":true,"href":"https:\/\/lahora.mx\/index.php\/wp-json\/wp\/v2\/users\/4"}],"replies":[{"embeddable":true,"href":"https:\/\/lahora.mx\/index.php\/wp-json\/wp\/v2\/comments?post=11402"}],"version-history":[{"count":1,"href":"https:\/\/lahora.mx\/index.php\/wp-json\/wp\/v2\/posts\/11402\/revisions"}],"predecessor-version":[{"id":11404,"href":"https:\/\/lahora.mx\/index.php\/wp-json\/wp\/v2\/posts\/11402\/revisions\/11404"}],"wp:featuredmedia":[{"embeddable":true,"href":"https:\/\/lahora.mx\/index.php\/wp-json\/wp\/v2\/media\/11403"}],"wp:attachment":[{"href":"https:\/\/lahora.mx\/index.php\/wp-json\/wp\/v2\/media?parent=11402"}],"wp:term":[{"taxonomy":"category","embeddable":true,"href":"https:\/\/lahora.mx\/index.php\/wp-json\/wp\/v2\/categories?post=11402"},{"taxonomy":"post_tag","embeddable":true,"href":"https:\/\/lahora.mx\/index.php\/wp-json\/wp\/v2\/tags?post=11402"}],"curies":[{"name":"wp","href":"https:\/\/api.w.org\/{rel}","templated":true}]}}