{"id":11384,"date":"2022-08-08T17:12:58","date_gmt":"2022-08-08T17:12:58","guid":{"rendered":"http:\/\/lahora.mx\/?p=11384"},"modified":"2022-08-08T17:12:59","modified_gmt":"2022-08-08T17:12:59","slug":"cerveza-ya-no-se-producira-en-el-norte-por-sequia-amlo-ofrece-mudanza-al-sureste","status":"publish","type":"post","link":"https:\/\/lahora.mx\/index.php\/2022\/08\/08\/cerveza-ya-no-se-producira-en-el-norte-por-sequia-amlo-ofrece-mudanza-al-sureste\/","title":{"rendered":"Cerveza ya no se producir\u00e1 en el norte por sequ\u00eda; AMLO ofrece \u2018mudanza\u2019 al sureste"},"content":{"rendered":"\n<p>Ante las condiciones de sequ\u00eda concentradas en el norte del pa\u00eds, el presidente Andr\u00e9s Manuel L\u00f3pez Obrador advirti\u00f3 que ya no se podr\u00e1 producir cerveza en dicha zona.<\/p>\n\n\n\n<p>\u201cNo es decir, ya no vamos a producir cerveza, es ya no se va a producir cerveza en el norte, ya veda, \u00bfquieren seguir produciendo cerveza aumentando la producci\u00f3n? Todo el apoyo para el sur, sureste, ah\u00ed esta el Grijalva, el Usumacinta, el Papaloapan\u201d, adelant\u00f3 este lunes.<\/p>\n\n\n\n<p>El mandatario plante\u00f3 trasladar la producci\u00f3n de cerveza y otros alimentos al sur de pa\u00eds, donde las condiciones son m\u00e1s favorables, seg\u00fan afirma.<\/p>\n\n\n\n<p>\u201cYa no se puede dar permiso en donde no hay agua o donde est\u00e1n abatidos por completo los mantos fre\u00e1ticos y ya lo que se esta sacando es agua con ars\u00e9nico, no vamos a tener plantas para quitar ars\u00e9nico al agua como sucede en La Laguna\u201d, advirti\u00f3.<\/p>\n\n\n\n<p>Presas vac\u00edas en Nuevo Le\u00f3n \u00bfpor culpa de la sequ\u00eda? Esto dice un experto de la Conagua<br>El bajo nivel de la presa en Nuevo Le\u00f3n no indica un alto grado de sequ\u00eda, explica un experto de la Conagua.<\/p>\n\n\n\n<p>Coahuila, Sonora y Chihuahua son los tres estados que actualmente enfrentan una sequ\u00eda extrema en el pa\u00eds, ocasionada principalmente por \u201cLa Ni\u00f1a\u201d, un fen\u00f3meno climatol\u00f3gico extendido usualmente por tres a\u00f1os consecutivos desde 2020 y que se podr\u00eda mantener hasta finales de 2022, seg\u00fan explic\u00f3 un miembro de la Comisi\u00f3n Nacional del Agua (Conagua) en entrevista para El Financiero.<\/p>\n\n\n\n<p>Adem\u00e1s, la carencia de agua se ha visto exacerbada por la extracci\u00f3n para uso industrial al norte del pa\u00eds, que no est\u00e1 completamente regulada.<\/p>\n\n\n\n<p>Ante esta situaci\u00f3n es que el mandatario federal propuso regular la concesiones otorgadas a las industrias asentadas en el norte as\u00ed como darle prioridad al consumo dom\u00e9stico de agua.<\/p>\n\n\n\n<p>\u201cPor lo que ha estado sucediendo en los \u00faltimos tiempos es importante poner orden en todo lo que es las concesiones de agua y darle la prioridad como debe de ser al usuario al que utiliza el agua para alimentarse para desarrollarse, el agua vinculada al consumo b\u00e1sico de los seres humanos, un derecho humano eso lo vamos a garantizar\u201d.<\/p>\n\n\n\n<p>\u00bfDejar\u00e1n de producir las cerveceras en M\u00e9xico?<br>Aunque L\u00f3pez Obrador amag\u00f3 en d\u00edas pasados con no otorgar m\u00e1s concesiones de agua para la industria al norte del pa\u00eds aclar\u00f3 que la producci\u00f3n de insumos no se detendr\u00e1, solo deber\u00e1 trasladarse al sur.<\/p>\n\n\n\n<p>Para ilustrar su planteamiento recurri\u00f3 al caso de Mexicali con la empresa Constellation Brands, la cual decidi\u00f3 mudarse al estado de Veracruz luego de la disputa con los pobladores por el agua.<\/p>\n\n\n\n<p>\u201cTenemos que hacer algo parecido y buscar no dejar sin permiso a las cerveceras, M\u00e9xico ya es el pa\u00eds que m\u00e1s produce cerveza en el mundo y s\u00ed son empleos, es inversi\u00f3n, divisas porque se est\u00e1 exportando cerveza, es de lo que m\u00e1s se exporta, ha crecido\u201d, coment\u00f3 el mandatario.<\/p>\n","protected":false},"excerpt":{"rendered":"<p>Ante las condiciones de sequ\u00eda concentradas en el norte del pa\u00eds, el presidente Andr\u00e9s Manuel L\u00f3pez Obrador advirti\u00f3 que ya no se podr\u00e1 producir cerveza en dicha zona. \u201cNo es decir, ya no vamos a producir cerveza, es ya no se va a producir cerveza en el norte, ya veda, \u00bfquieren seguir produciendo cerveza aumentando [&hellip;]<\/p>\n","protected":false},"author":4,"featured_media":11385,"comment_status":"open","ping_status":"open","sticky":false,"template":"","format":"standard","meta":{"om_disable_all_campaigns":false,"_monsterinsights_skip_tracking":false,"_monsterinsights_sitenote_active":false,"_monsterinsights_sitenote_note":"","_monsterinsights_sitenote_category":0,"footnotes":""},"categories":[176],"tags":[],"class_list":["post-11384","post","type-post","status-publish","format-standard","has-post-thumbnail","hentry","category-nacional"],"amp_enabled":true,"_links":{"self":[{"href":"https:\/\/lahora.mx\/index.php\/wp-json\/wp\/v2\/posts\/11384","targetHints":{"allow":["GET"]}}],"collection":[{"href":"https:\/\/lahora.mx\/index.php\/wp-json\/wp\/v2\/posts"}],"about":[{"href":"https:\/\/lahora.mx\/index.php\/wp-json\/wp\/v2\/types\/post"}],"author":[{"embeddable":true,"href":"https:\/\/lahora.mx\/index.php\/wp-json\/wp\/v2\/users\/4"}],"replies":[{"embeddable":true,"href":"https:\/\/lahora.mx\/index.php\/wp-json\/wp\/v2\/comments?post=11384"}],"version-history":[{"count":1,"href":"https:\/\/lahora.mx\/index.php\/wp-json\/wp\/v2\/posts\/11384\/revisions"}],"predecessor-version":[{"id":11386,"href":"https:\/\/lahora.mx\/index.php\/wp-json\/wp\/v2\/posts\/11384\/revisions\/11386"}],"wp:featuredmedia":[{"embeddable":true,"href":"https:\/\/lahora.mx\/index.php\/wp-json\/wp\/v2\/media\/11385"}],"wp:attachment":[{"href":"https:\/\/lahora.mx\/index.php\/wp-json\/wp\/v2\/media?parent=11384"}],"wp:term":[{"taxonomy":"category","embeddable":true,"href":"https:\/\/lahora.mx\/index.php\/wp-json\/wp\/v2\/categories?post=11384"},{"taxonomy":"post_tag","embeddable":true,"href":"https:\/\/lahora.mx\/index.php\/wp-json\/wp\/v2\/tags?post=11384"}],"curies":[{"name":"wp","href":"https:\/\/api.w.org\/{rel}","templated":true}]}}