{"id":11375,"date":"2022-08-08T16:18:05","date_gmt":"2022-08-08T16:18:05","guid":{"rendered":"http:\/\/lahora.mx\/?p=11375"},"modified":"2022-08-08T16:18:06","modified_gmt":"2022-08-08T16:18:06","slug":"se-rehabilita-avenida-educadores-por-ayuntamiento-de-puebla","status":"publish","type":"post","link":"https:\/\/lahora.mx\/index.php\/2022\/08\/08\/se-rehabilita-avenida-educadores-por-ayuntamiento-de-puebla\/","title":{"rendered":"Se rehabilita Avenida Educadores por Ayuntamiento de Puebla"},"content":{"rendered":"\n<p>El ayuntamiento de Puebla realiz\u00f3 la entrega de la obra de rehabilitaci\u00f3n de la Avenida Educadores con una inversi\u00f3n de 31.3 millones de pesos, la cual beneficiar\u00e1 a m\u00e1s de 80 mil personas.<\/p>\n\n\n\n<p>En su intervenci\u00f3n, el presidente municipal, Eduardo Rivera P\u00e9rez, inform\u00f3 que la intervenci\u00f3n consisti\u00f3 en la rehabilitaci\u00f3n de drenaje y agua potable, banquetas, guarniciones, as\u00ed como la colocaci\u00f3n de bolardos para la protecci\u00f3n de movilidad, adem\u00e1s de plantar \u00e1rboles.<\/p>\n\n\n\n<p>Indic\u00f3 que la obra beneficia a m\u00e1s de 80 mil personas de m\u00e1s de seis colonias como Sat\u00e9lite Magisterial, San Luis Gonzaga, El Porvenir, Crist\u00f3bal Col\u00f3n, Resurgimiento.<br>Rivera P\u00e9rez, apunt\u00f3 que la nueva vialidad qued\u00f3 de manera segura y accesible para los cientos de veh\u00edculos del transporte p\u00fablico y privado que circulan por la zona.<\/p>\n\n\n\n<p>Explic\u00f3 que la obra abarca desde el acceso a Amozoc, el Seminario, el Mercado Morelos, El Campanario, adem\u00e1s de conectar con la calle Juan Cordero y Avenida 20 Oriente, abarcando un promedio de 44 calles.<\/p>\n\n\n\n<p>\u00abEste es un gobierno que no para, es un gobierno que trabaja de manera permanente todos los d\u00edas. Todo peso y centavo que entra a la caja de tesorer\u00eda municipal se traduce en beneficio para la ciudadan\u00eda, en este gobierno est\u00e1n viendo m\u00e1s patrullas, m\u00e1s polic\u00edas, m\u00e1s luminarias, m\u00e1s calles pavimentadas y relaminadas\u00bb, dijo el presidente municipal.<\/p>\n","protected":false},"excerpt":{"rendered":"<p>El ayuntamiento de Puebla realiz\u00f3 la entrega de la obra de rehabilitaci\u00f3n de la Avenida Educadores con una inversi\u00f3n de 31.3 millones de pesos, la cual beneficiar\u00e1 a m\u00e1s de 80 mil personas. En su intervenci\u00f3n, el presidente municipal, Eduardo Rivera P\u00e9rez, inform\u00f3 que la intervenci\u00f3n consisti\u00f3 en la rehabilitaci\u00f3n de drenaje y agua potable, [&hellip;]<\/p>\n","protected":false},"author":4,"featured_media":11376,"comment_status":"open","ping_status":"open","sticky":false,"template":"","format":"standard","meta":{"om_disable_all_campaigns":false,"_monsterinsights_skip_tracking":false,"_monsterinsights_sitenote_active":false,"_monsterinsights_sitenote_note":"","_monsterinsights_sitenote_category":0,"footnotes":""},"categories":[175],"tags":[195,223],"class_list":["post-11375","post","type-post","status-publish","format-standard","has-post-thumbnail","hentry","category-local","tag-principal","tag-puebla"],"amp_enabled":true,"_links":{"self":[{"href":"https:\/\/lahora.mx\/index.php\/wp-json\/wp\/v2\/posts\/11375","targetHints":{"allow":["GET"]}}],"collection":[{"href":"https:\/\/lahora.mx\/index.php\/wp-json\/wp\/v2\/posts"}],"about":[{"href":"https:\/\/lahora.mx\/index.php\/wp-json\/wp\/v2\/types\/post"}],"author":[{"embeddable":true,"href":"https:\/\/lahora.mx\/index.php\/wp-json\/wp\/v2\/users\/4"}],"replies":[{"embeddable":true,"href":"https:\/\/lahora.mx\/index.php\/wp-json\/wp\/v2\/comments?post=11375"}],"version-history":[{"count":1,"href":"https:\/\/lahora.mx\/index.php\/wp-json\/wp\/v2\/posts\/11375\/revisions"}],"predecessor-version":[{"id":11377,"href":"https:\/\/lahora.mx\/index.php\/wp-json\/wp\/v2\/posts\/11375\/revisions\/11377"}],"wp:featuredmedia":[{"embeddable":true,"href":"https:\/\/lahora.mx\/index.php\/wp-json\/wp\/v2\/media\/11376"}],"wp:attachment":[{"href":"https:\/\/lahora.mx\/index.php\/wp-json\/wp\/v2\/media?parent=11375"}],"wp:term":[{"taxonomy":"category","embeddable":true,"href":"https:\/\/lahora.mx\/index.php\/wp-json\/wp\/v2\/categories?post=11375"},{"taxonomy":"post_tag","embeddable":true,"href":"https:\/\/lahora.mx\/index.php\/wp-json\/wp\/v2\/tags?post=11375"}],"curies":[{"name":"wp","href":"https:\/\/api.w.org\/{rel}","templated":true}]}}