{"id":1137,"date":"2022-01-03T17:09:58","date_gmt":"2022-01-03T17:09:58","guid":{"rendered":"http:\/\/lahora.mx\/?p=1137"},"modified":"2022-01-03T17:09:58","modified_gmt":"2022-01-03T17:09:58","slug":"eduardo-rivera-arranca-cinco-de-seis-ejes-proyectados-en-tan-solo-81-dias-de-mandato","status":"publish","type":"post","link":"https:\/\/lahora.mx\/index.php\/2022\/01\/03\/eduardo-rivera-arranca-cinco-de-seis-ejes-proyectados-en-tan-solo-81-dias-de-mandato\/","title":{"rendered":"Eduardo Rivera arranca cinco de seis ejes proyectados en tan solo 81 d\u00edas de mandato"},"content":{"rendered":"<p>Desde el 15 de octubre hasta la fecha han pasado 81 d\u00edas desde que Eduardo Rivera P\u00e9rez rindi\u00f3 protesta como presidente municipal de Puebla y de los seis ejes que dijo ser\u00edan la caracter\u00edstica de su gesti\u00f3n cinco son los que se han ejecutado, mientras que el faltante denominado M\u00e9dico en tu Casa tendr\u00e1 que anunciarse en este nuevo a\u00f1o.<br \/>\nEstas estrategias son: Impulsa Puebla, Escudo Puebla, Ciudad de 10, Estancias Infantiles, M\u00e9dico Contigo y Contigo Mujer<br \/>\nSon 100 acciones las que se tendr\u00e1n que realizar en 120 d\u00edas, pues el edil emanado del PAN as\u00ed lo asegur\u00f3 al inicio de la administraci\u00f3n, entre ellas la m\u00e1s demandada, el bacheo en la ciudad, ya que durante el periodo de 2018 a 2021 con Claudia Rivera Vivanco se vio un grave deterioro del concreto asf\u00e1ltico.<br \/>\nEste rubro entra en el eje de Ciudad de Diez, mismo que de acuerdo con la Secretar\u00eda de Infraestructura y Movilidad a cargo de Edgar V\u00e9lez Tirado hasta el 15 de diciembre se ten\u00eda un registro de 85 mil baches tapados, lo cual reflejaba menos de la mitad de los 173 mil hoyos que se dijo subsanar\u00edan en un a\u00f1o de gobierno.<br \/>\nTambi\u00e9n se le suma la poda y mantenimiento de camellones, as\u00ed como de parques, en donde se ha intervenido el Bulevar 5 de Mayo, San Manuel, adem\u00e1s de abastecer de agua las fuentes del Z\u00f3calo, Los Sapos, El Carmen, entre otros.<br \/>\nMientras tanto en cuanto al eje de Impulsa Puebla, el edil arranc\u00f3 con el programa Apertura a la Palabra, en donde el primer negocio fue una tienda de regalos. Hasta el 20 de diciembre 30 negocios abrieron sus puertas bajo este esquema que da facilidades de 90 d\u00edas para poder regularizar el comercio, pero abrirlo en el momento que se registren en la p\u00e1gina del gobierno municipal.<\/p>\n<div id=\"standard_8\" class=\"st-placement standard_8 inArticle\">\n<p>Adem\u00e1s se realiz\u00f3 el Fest\u00edn edici\u00f3n navide\u00f1o, en donde varios municipios y juntas auxiliares vendieron sus productos en el parque de El Carmen. De igual forma se llev\u00f3 a cabo el festival La Muerte es un sue\u00f1o, en el que se incentiv\u00f3 el turismo y la reactivaci\u00f3n econ\u00f3mica.<\/p>\n<\/div>\n<p>Sin embargo, no cuentan con un corte actualizado, pues solo se tiene lo que ha declarado el titular. Mientras tanto, en la cuesti\u00f3n de la pavimentaci\u00f3n y relaminaci\u00f3n de calles tambi\u00e9n se ubica el programa Mil Calles, mismo que se trabajar\u00e1 en conjunto con el gobierno del estado.<\/p>\n<p>Aqu\u00ed solo se ha mencionado a dos calles, la 102 Poniente en el camino a Tlaltepango y la 117 en Granjas Mayorazgo, no obstante, no se dio una fecha para culminar las mismas.<br \/>\nTambi\u00e9n se le suma la poda y mantenimiento de camellones, as\u00ed como de parques, en donde se ha intervenido el Bulevar 5 de Mayo, San Manuel, adem\u00e1s de abastecer de agua las fuentes del Z\u00f3calo, Los Sapos, El Carmen, entre otros.<\/p>\n<p>Mientras tanto en cuanto al eje de Impulsa Puebla, el edil arranc\u00f3 con el programa Apertura a la Palabra, en donde el primer negocio fue una tienda de regalos. Hasta el 20 de diciembre 30 negocios abrieron sus puertas bajo este esquema que da facilidades de 90 d\u00edas para poder regularizar el comercio, pero abrirlo en el momento que se registren en la p\u00e1gina del gobierno municipal.<\/p>\n<p>Adem\u00e1s se realiz\u00f3 el Fest\u00edn edici\u00f3n navide\u00f1o, en donde varios municipios y juntas auxiliares vendieron sus productos en el parque de El Carmen. De igual forma se llev\u00f3 a cabo el festival La Muerte es un sue\u00f1o, en el que se incentiv\u00f3 el turismo y la reactivaci\u00f3n econ\u00f3mica.<\/p>\n<p>Las caminatas por la seguridad son parte del Escudo Puebla, ya que el mun\u00edcipe ha acudido a colonias y juntas auxiliares como la colonia Solidaridad Nacional y San Jorge para conocer las quejas de las ciudadan\u00edas.<\/p>\n<p>De este tema se ha hablado que tambi\u00e9n habr\u00e1 coordinaci\u00f3n con el gobierno del estado encabezado por Miguel Barbosa Huerta, as\u00ed como un jefe de zona se encargar\u00e1 de dar a conocer las necesidades de los colonos a las autoridades municipales.<\/p>\n<p>A su vez se han graduado alrededor de 60 cadetes de la academia de la Secretar\u00eda de Seguridad Ciudadana y se ha mencionado que se busca ser la mejor polic\u00eda del pa\u00eds.<\/p>\n<p>Para el rubro de Contigo Mujer, se inauguraron centros de desarrollo comunitarios, mismos que ya exist\u00edan, pero a los que se les dio mantenimiento y se iniciaron talleres de defensa personal, cocina, reposter\u00eda, manualidades, entre otras cosas para que las mujeres puedan salir adelante.<\/p>\n<p>A esto se le suma las jornadas de salud en las que se ofrecen mastograf\u00edas para detectar el c\u00e1ncer de mama, adem\u00e1s de otros servicios.<\/p>\n<p>La meta que se anunci\u00f3 para esta estrategia fue que para los 120 d\u00edas estar\u00e1n regularizadas 10 estancias infantiles, mismas que deber\u00e1n cumplir con todos los lineamientos y requisitos en el orden local, estatal y federal para que puedan integrarse al programa de becas que se otorgar\u00e1n.<\/p>\n<p>Sin embargo es este tema el que ha avanzado lento, pues solo cuatro son las que est\u00e1n en proceso de contar con la norma de Protecci\u00f3n Civil para garantizar la seguridad y el bienestar de los ni\u00f1os que asistan.<\/p>\n<p>Finalmente, M\u00e9dico en tu Casa el cual no se ha puesto en marcha y tendr\u00eda que arrancarse en 39 d\u00edas, es decir; en enero o principios de febrero, pues son parte de las 100 acciones que se pretenden realizar en los primeros 120 d\u00edas de gobierno de Rivera P\u00e9rez.<\/p>\n","protected":false},"excerpt":{"rendered":"<p>Desde el 15 de octubre hasta la fecha han pasado 81 d\u00edas desde que Eduardo Rivera P\u00e9rez rindi\u00f3 protesta como presidente municipal de Puebla y de los seis ejes que dijo ser\u00edan la caracter\u00edstica de su gesti\u00f3n cinco son los que se han ejecutado, mientras que el faltante denominado M\u00e9dico en tu Casa tendr\u00e1 que [&hellip;]<\/p>\n","protected":false},"author":4,"featured_media":1138,"comment_status":"open","ping_status":"open","sticky":false,"template":"","format":"standard","meta":{"om_disable_all_campaigns":false,"_monsterinsights_skip_tracking":false,"_monsterinsights_sitenote_active":false,"_monsterinsights_sitenote_note":"","_monsterinsights_sitenote_category":0,"footnotes":""},"categories":[175],"tags":[],"class_list":["post-1137","post","type-post","status-publish","format-standard","has-post-thumbnail","hentry","category-local"],"amp_enabled":true,"_links":{"self":[{"href":"https:\/\/lahora.mx\/index.php\/wp-json\/wp\/v2\/posts\/1137","targetHints":{"allow":["GET"]}}],"collection":[{"href":"https:\/\/lahora.mx\/index.php\/wp-json\/wp\/v2\/posts"}],"about":[{"href":"https:\/\/lahora.mx\/index.php\/wp-json\/wp\/v2\/types\/post"}],"author":[{"embeddable":true,"href":"https:\/\/lahora.mx\/index.php\/wp-json\/wp\/v2\/users\/4"}],"replies":[{"embeddable":true,"href":"https:\/\/lahora.mx\/index.php\/wp-json\/wp\/v2\/comments?post=1137"}],"version-history":[{"count":1,"href":"https:\/\/lahora.mx\/index.php\/wp-json\/wp\/v2\/posts\/1137\/revisions"}],"predecessor-version":[{"id":1139,"href":"https:\/\/lahora.mx\/index.php\/wp-json\/wp\/v2\/posts\/1137\/revisions\/1139"}],"wp:featuredmedia":[{"embeddable":true,"href":"https:\/\/lahora.mx\/index.php\/wp-json\/wp\/v2\/media\/1138"}],"wp:attachment":[{"href":"https:\/\/lahora.mx\/index.php\/wp-json\/wp\/v2\/media?parent=1137"}],"wp:term":[{"taxonomy":"category","embeddable":true,"href":"https:\/\/lahora.mx\/index.php\/wp-json\/wp\/v2\/categories?post=1137"},{"taxonomy":"post_tag","embeddable":true,"href":"https:\/\/lahora.mx\/index.php\/wp-json\/wp\/v2\/tags?post=1137"}],"curies":[{"name":"wp","href":"https:\/\/api.w.org\/{rel}","templated":true}]}}