{"id":11369,"date":"2022-08-08T16:10:41","date_gmt":"2022-08-08T16:10:41","guid":{"rendered":"http:\/\/lahora.mx\/?p=11369"},"modified":"2022-08-08T16:12:19","modified_gmt":"2022-08-08T16:12:19","slug":"cuiden-su-trabajo-barbosa-llama-a-la-reflexion-a-trabajadores-de-volkswagen-en-puebla","status":"publish","type":"post","link":"https:\/\/lahora.mx\/index.php\/2022\/08\/08\/cuiden-su-trabajo-barbosa-llama-a-la-reflexion-a-trabajadores-de-volkswagen-en-puebla\/","title":{"rendered":"Cuiden su trabajo: Barbosa llama a la reflexi\u00f3n a trabajadores de Volkswagen en Puebla"},"content":{"rendered":"\n<p>\u201cCuiden su trabajo, cuiden la fuente de su trabajo\u201d, fue as\u00ed como el gobernador de Puebla, Miguel Barbosa Huerta, llam\u00f3 a la reflexi\u00f3n a los trabajadores de Volkswagen en Puebla que, el viernes pasado, rechazaron la propuesta de incremento salarial ofrecida por la armadora alemana.<\/p>\n\n\n\n<p>El mandatario estatal pidi\u00f3 \u201crecapacitar\u201d para que en su segunda reuni\u00f3n los sindicalizados de Volkswagen tomen la mejor decisi\u00f3n, al tiempo que se\u00f1al\u00f3 que actualmente y m\u00e1s a\u00fan con la propuesta de aumento que la empresa les ha hecho son y seguir\u00e1n siendo de los empleados con mejor sueldo en M\u00e9xico.<\/p>\n\n\n\n<p>\u201cYa son los mejores pagados del pa\u00eds y de llevarse a cabo y de aceptar a la propuesta, ser\u00e1n por mucho, mejor pagados que cualquier planta automotriz en el pa\u00eds\u201d, detall\u00f3 Barbos Huerta.<br>Adem\u00e1s, explic\u00f3 que, al parecer, \u201cno fueron ni el 50 % de los trabajadores\u201d los que participaron en la consulta del viernes en donde se rechaz\u00f3 la propuesta de Volkswagen.<\/p>\n\n\n\n<p>Trabajadores de VW rechazan alza salarial del 11%<\/p>\n\n\n\n<p>De acuerdo con el Sindicato Independiente de Trabajadores de la Industria Automotriz, Similares y Conexos Volkswagen (Sitiavw), para avalar el acuerdo salarial deb\u00edan existir al menos 3 mil 445 votos a favor.<br>Sin embargo, el viernes 5 de agosto trabajadores de Volkswagen en Puebla rechazaron la oferta de un aumento salarial del 11 por ciento, con 2 mil 586 votos en contra y solo 2 mil 248 a favor, en una jornada de votaci\u00f3n en la que participaron 4 mil 835 trabajadores.<\/p>\n","protected":false},"excerpt":{"rendered":"<p>\u201cCuiden su trabajo, cuiden la fuente de su trabajo\u201d, fue as\u00ed como el gobernador de Puebla, Miguel Barbosa Huerta, llam\u00f3 a la reflexi\u00f3n a los trabajadores de Volkswagen en Puebla que, el viernes pasado, rechazaron la propuesta de incremento salarial ofrecida por la armadora alemana. El mandatario estatal pidi\u00f3 \u201crecapacitar\u201d para que en su segunda [&hellip;]<\/p>\n","protected":false},"author":4,"featured_media":11373,"comment_status":"open","ping_status":"open","sticky":false,"template":"","format":"standard","meta":{"om_disable_all_campaigns":false,"_monsterinsights_skip_tracking":false,"_monsterinsights_sitenote_active":false,"_monsterinsights_sitenote_note":"","_monsterinsights_sitenote_category":0,"footnotes":""},"categories":[175],"tags":[195,223],"class_list":["post-11369","post","type-post","status-publish","format-standard","has-post-thumbnail","hentry","category-local","tag-principal","tag-puebla"],"amp_enabled":true,"_links":{"self":[{"href":"https:\/\/lahora.mx\/index.php\/wp-json\/wp\/v2\/posts\/11369","targetHints":{"allow":["GET"]}}],"collection":[{"href":"https:\/\/lahora.mx\/index.php\/wp-json\/wp\/v2\/posts"}],"about":[{"href":"https:\/\/lahora.mx\/index.php\/wp-json\/wp\/v2\/types\/post"}],"author":[{"embeddable":true,"href":"https:\/\/lahora.mx\/index.php\/wp-json\/wp\/v2\/users\/4"}],"replies":[{"embeddable":true,"href":"https:\/\/lahora.mx\/index.php\/wp-json\/wp\/v2\/comments?post=11369"}],"version-history":[{"count":2,"href":"https:\/\/lahora.mx\/index.php\/wp-json\/wp\/v2\/posts\/11369\/revisions"}],"predecessor-version":[{"id":11374,"href":"https:\/\/lahora.mx\/index.php\/wp-json\/wp\/v2\/posts\/11369\/revisions\/11374"}],"wp:featuredmedia":[{"embeddable":true,"href":"https:\/\/lahora.mx\/index.php\/wp-json\/wp\/v2\/media\/11373"}],"wp:attachment":[{"href":"https:\/\/lahora.mx\/index.php\/wp-json\/wp\/v2\/media?parent=11369"}],"wp:term":[{"taxonomy":"category","embeddable":true,"href":"https:\/\/lahora.mx\/index.php\/wp-json\/wp\/v2\/categories?post=11369"},{"taxonomy":"post_tag","embeddable":true,"href":"https:\/\/lahora.mx\/index.php\/wp-json\/wp\/v2\/tags?post=11369"}],"curies":[{"name":"wp","href":"https:\/\/api.w.org\/{rel}","templated":true}]}}