{"id":11363,"date":"2022-08-08T15:49:14","date_gmt":"2022-08-08T15:49:14","guid":{"rendered":"http:\/\/lahora.mx\/?p=11363"},"modified":"2022-08-08T15:49:14","modified_gmt":"2022-08-08T15:49:14","slug":"estas-son-las-fechas-y-horarios-para-segunda-dosis-de-vacuna-covid-a-menores-en-puebla","status":"publish","type":"post","link":"https:\/\/lahora.mx\/index.php\/2022\/08\/08\/estas-son-las-fechas-y-horarios-para-segunda-dosis-de-vacuna-covid-a-menores-en-puebla\/","title":{"rendered":"Estas son las fechas y horarios para segunda dosis de vacuna covid a menores en Puebla"},"content":{"rendered":"\n<p>Todo est\u00e1 listo para una nueva jornada de aplicaci\u00f3n de segundas dosis de vacuna covid en menores de 12 a 17 a\u00f1os en Puebla, as\u00ed lo aseguraron autoridades estatales de Salud durante la conferencia de prensa de este lunes.<\/p>\n\n\n\n<p>De acuerdo con el titular de los Servicios de Salud en el estado, Jos\u00e9 Antonio Mart\u00ednez Garc\u00eda la nueva campa\u00f1a de vacunaci\u00f3n contra el coronavirus para ni\u00f1os y adolescentes ser\u00e1 del martes 9 al jueves 11 de agosto.<\/p>\n\n\n\n<p>El funcionario explic\u00f3 que las segundas dosis del bi\u00f3tico se aplicar\u00e1n en 115 municipios de Puebla a trav\u00e9s de 122 m\u00f3dulos a instalarse en unidades m\u00e9dicas y planteles educativos que funcionar\u00e1n de las 08:00 a las 16:00 horas.<br>Algunos de los municipios en donde habr\u00e1 vacuna covid para los 12 a 17 a\u00f1os de edad son:<\/p>\n\n\n\n<p>Acateno<\/p>\n\n\n\n<p>Teziutl\u00e1n<\/p>\n\n\n\n<p>Lara Grajales<br><br>Xicotepec<\/p>\n\n\n\n<p>Zaragoza<\/p>\n\n\n\n<p>Zautla<\/p>\n\n\n\n<p>Libres<\/p>\n\n\n\n<p>\u00bfCu\u00e1les son los requisitos para recibir segunda dosis?<\/p>\n\n\n\n<p>Para que tus peque\u00f1os y adolescentes puedan recibir la segunda dosis de vacuna covid ser\u00e1 necesario que presentes los siguientes requisitos:<\/p>\n\n\n\n<p>\u00b7 Llevar comprobante de primera dosis, documento necesario para que reciba la segunda<\/p>\n\n\n\n<p>\u00b7 Impresi\u00f3n del folio del pre registro en la plataforma https:\/\/mivacuna.salud.gob.mx<\/p>\n\n\n\n<p>\u00b7 Formato denominado \u201cExpediente de vacunaci\u00f3n QR\u201d.<\/p>\n\n\n\n<p>\u00b7 Identificaci\u00f3n oficial con fotograf\u00eda del padre o tutor (INE, cartilla militar, constancia de identidad o pasaporte).<\/p>\n\n\n\n<p>\u00b7 Copia de la Clave \u00danica de Registro de Poblaci\u00f3n (CURP)<\/p>\n\n\n\n<p>\u00b7 Comprobante de domicilio en original y copia, no mayor a tres meses, y lapicero tinta azul<\/p>\n\n\n\n<p>Por cierto que adem\u00e1s de la segunda dosis de vacuna covid para 12 a 17 a\u00f1os en Puebla, en esta jornada tambi\u00e9n habr\u00e1 aplicaci\u00f3n pedi\u00e1trica para los 5 a 11 a\u00f1os de edad.<\/p>\n","protected":false},"excerpt":{"rendered":"<p>Todo est\u00e1 listo para una nueva jornada de aplicaci\u00f3n de segundas dosis de vacuna covid en menores de 12 a 17 a\u00f1os en Puebla, as\u00ed lo aseguraron autoridades estatales de Salud durante la conferencia de prensa de este lunes. De acuerdo con el titular de los Servicios de Salud en el estado, Jos\u00e9 Antonio Mart\u00ednez [&hellip;]<\/p>\n","protected":false},"author":4,"featured_media":11364,"comment_status":"open","ping_status":"open","sticky":false,"template":"","format":"standard","meta":{"om_disable_all_campaigns":false,"_monsterinsights_skip_tracking":false,"_monsterinsights_sitenote_active":false,"_monsterinsights_sitenote_note":"","_monsterinsights_sitenote_category":0,"footnotes":""},"categories":[175],"tags":[195,223],"class_list":["post-11363","post","type-post","status-publish","format-standard","has-post-thumbnail","hentry","category-local","tag-principal","tag-puebla"],"amp_enabled":true,"_links":{"self":[{"href":"https:\/\/lahora.mx\/index.php\/wp-json\/wp\/v2\/posts\/11363","targetHints":{"allow":["GET"]}}],"collection":[{"href":"https:\/\/lahora.mx\/index.php\/wp-json\/wp\/v2\/posts"}],"about":[{"href":"https:\/\/lahora.mx\/index.php\/wp-json\/wp\/v2\/types\/post"}],"author":[{"embeddable":true,"href":"https:\/\/lahora.mx\/index.php\/wp-json\/wp\/v2\/users\/4"}],"replies":[{"embeddable":true,"href":"https:\/\/lahora.mx\/index.php\/wp-json\/wp\/v2\/comments?post=11363"}],"version-history":[{"count":1,"href":"https:\/\/lahora.mx\/index.php\/wp-json\/wp\/v2\/posts\/11363\/revisions"}],"predecessor-version":[{"id":11365,"href":"https:\/\/lahora.mx\/index.php\/wp-json\/wp\/v2\/posts\/11363\/revisions\/11365"}],"wp:featuredmedia":[{"embeddable":true,"href":"https:\/\/lahora.mx\/index.php\/wp-json\/wp\/v2\/media\/11364"}],"wp:attachment":[{"href":"https:\/\/lahora.mx\/index.php\/wp-json\/wp\/v2\/media?parent=11363"}],"wp:term":[{"taxonomy":"category","embeddable":true,"href":"https:\/\/lahora.mx\/index.php\/wp-json\/wp\/v2\/categories?post=11363"},{"taxonomy":"post_tag","embeddable":true,"href":"https:\/\/lahora.mx\/index.php\/wp-json\/wp\/v2\/tags?post=11363"}],"curies":[{"name":"wp","href":"https:\/\/api.w.org\/{rel}","templated":true}]}}