{"id":11342,"date":"2022-08-07T23:24:36","date_gmt":"2022-08-07T23:24:36","guid":{"rendered":"http:\/\/lahora.mx\/?p=11342"},"modified":"2022-08-07T23:45:28","modified_gmt":"2022-08-07T23:45:28","slug":"tercer-lugar-a-nivel-nacional-en-casos-activos-de-covid19-puebla","status":"publish","type":"post","link":"https:\/\/lahora.mx\/index.php\/2022\/08\/07\/tercer-lugar-a-nivel-nacional-en-casos-activos-de-covid19-puebla\/","title":{"rendered":"Tercer lugar a nivel nacional en casos activos de Covid19; Puebla"},"content":{"rendered":"\n<p>El municipio de Puebla ocup\u00f3 el tercer lugar a nivel nacional en casos activos de Covid-19 al cierre del mes de julio, tan solo despu\u00e9s de la delegaci\u00f3n Gustavo A. Madero e Iztapalapa, de acuerdo con el Visor Geoespacial de la Pobreza y la Covid-19, del Consejo Nacional de Evaluaci\u00f3n de la Pol\u00edtica de Desarrollo Social (CONEVAL).<\/p>\n\n\n\n<p>En el documento, el Consejo indic\u00f3 que hasta esa fecha la capital poblana ten\u00eda 4 mil 174 casos activos de SARS-CoV-2, mientras que la delegaci\u00f3n Gustavo A. Madero e Iztapalapa registraron 5 mil 92 y 5 mil 73, respectivamente. Enfatiz\u00f3 que hacia finales de ese mes se mantuvo una presencia constante de contagios activos en los municipios que forman parte de las zonas metropolitanas.<\/p>\n\n\n\n<p>Alimentos ultrapocesados se asocian con deterioro cognitivo, revela estudio<br>\u201cEn comparaci\u00f3n con la situaci\u00f3n registrada 14 d\u00edas antes del 31 de julio de 2022, en M\u00e9xico se observaron aumentos de casos activos en municipios o demarcaciones territoriales, principalmente en el norte de Chihuahua, sur de Nuevo Le\u00f3n, centro de Zacatecas, centro de San Luis Potos\u00ed, centro de Puebla y sur de Durango\u201d, acot\u00f3.<\/p>\n\n\n\n<p>Asimismo, destac\u00f3 que la capital del estado ocup\u00f3 el segundo lugar nacional en cuanto a las demarcaciones en las que se han presentado m\u00e1s de 4 mil defunciones a causa de la pandemia, al reportar 4 mil 988, tan solo despu\u00e9s de Iztapalapa, en la Ciudad de M\u00e9xico, en donde han ocurrido 5 mil 135 fallecimientos.<\/p>\n\n\n\n<p>Coriza, el nuevo s\u00edntoma asociado a la Covid-19<br>Agreg\u00f3 que de las zonas metropolitanas con mayor n\u00famero de contagios registrados y superiores a los 100 mil, destaca la de Puebla &#8211; Tlaxcala, en donde se concentran el 3.5 por ciento del total de los casos registrados que permanec\u00edan activos al cierre del mes pasado.<\/p>\n\n\n\n<p>Finalmente, el CONEVAL inform\u00f3 que hasta el pasado 31 de julio s\u00f3lo en nueve municipios de la entidad poblana no se hab\u00edan registrado defunciones a causa del coronavirus, lo que representa el 4.1 por ciento de los 217 con que cuenta el estado.<\/p>\n","protected":false},"excerpt":{"rendered":"<p>El municipio de Puebla ocup\u00f3 el tercer lugar a nivel nacional en casos activos de Covid-19 al cierre del mes de julio, tan solo despu\u00e9s de la delegaci\u00f3n Gustavo A. Madero e Iztapalapa, de acuerdo con el Visor Geoespacial de la Pobreza y la Covid-19, del Consejo Nacional de Evaluaci\u00f3n de la Pol\u00edtica de Desarrollo [&hellip;]<\/p>\n","protected":false},"author":4,"featured_media":11343,"comment_status":"open","ping_status":"open","sticky":false,"template":"","format":"standard","meta":{"om_disable_all_campaigns":false,"_monsterinsights_skip_tracking":false,"_monsterinsights_sitenote_active":false,"_monsterinsights_sitenote_note":"","_monsterinsights_sitenote_category":0,"footnotes":""},"categories":[175],"tags":[223],"class_list":["post-11342","post","type-post","status-publish","format-standard","has-post-thumbnail","hentry","category-local","tag-puebla"],"amp_enabled":true,"_links":{"self":[{"href":"https:\/\/lahora.mx\/index.php\/wp-json\/wp\/v2\/posts\/11342","targetHints":{"allow":["GET"]}}],"collection":[{"href":"https:\/\/lahora.mx\/index.php\/wp-json\/wp\/v2\/posts"}],"about":[{"href":"https:\/\/lahora.mx\/index.php\/wp-json\/wp\/v2\/types\/post"}],"author":[{"embeddable":true,"href":"https:\/\/lahora.mx\/index.php\/wp-json\/wp\/v2\/users\/4"}],"replies":[{"embeddable":true,"href":"https:\/\/lahora.mx\/index.php\/wp-json\/wp\/v2\/comments?post=11342"}],"version-history":[{"count":1,"href":"https:\/\/lahora.mx\/index.php\/wp-json\/wp\/v2\/posts\/11342\/revisions"}],"predecessor-version":[{"id":11344,"href":"https:\/\/lahora.mx\/index.php\/wp-json\/wp\/v2\/posts\/11342\/revisions\/11344"}],"wp:featuredmedia":[{"embeddable":true,"href":"https:\/\/lahora.mx\/index.php\/wp-json\/wp\/v2\/media\/11343"}],"wp:attachment":[{"href":"https:\/\/lahora.mx\/index.php\/wp-json\/wp\/v2\/media?parent=11342"}],"wp:term":[{"taxonomy":"category","embeddable":true,"href":"https:\/\/lahora.mx\/index.php\/wp-json\/wp\/v2\/categories?post=11342"},{"taxonomy":"post_tag","embeddable":true,"href":"https:\/\/lahora.mx\/index.php\/wp-json\/wp\/v2\/tags?post=11342"}],"curies":[{"name":"wp","href":"https:\/\/api.w.org\/{rel}","templated":true}]}}