{"id":11336,"date":"2022-08-07T22:57:24","date_gmt":"2022-08-07T22:57:24","guid":{"rendered":"http:\/\/lahora.mx\/?p=11336"},"modified":"2022-08-07T22:57:24","modified_gmt":"2022-08-07T22:57:24","slug":"85-mil-estudiantes-reanudan-actividades-academicas-buap","status":"publish","type":"post","link":"https:\/\/lahora.mx\/index.php\/2022\/08\/07\/85-mil-estudiantes-reanudan-actividades-academicas-buap\/","title":{"rendered":"85 mil estudiantes reanudan actividades acad\u00e9micas: BUAP"},"content":{"rendered":"\n<p>Este lunes 8 de agosto 85 mil estudiantes de preparatoria, licenciatura de semestres y cuatrimestres avanzados y posgrado, de la BUAP, reanudan actividades acad\u00e9micas correspondientes al ciclo escolar Oto\u00f1o 2022.<\/p>\n\n\n\n<p>En el caso de preparatoria, los alumnos regresan a las aulas en las seis unidades acad\u00e9micas de la capital poblana, en las 21 sedes (incluido Coyomeapan) establecidas en el interior del estado, as\u00ed como en los tres programas de bachillerato y en la preparatoria a distancia.<\/p>\n\n\n\n<p>A su vez, los de licenciatura de semestres y cuatrimestres avanzados reanudan sus estudios en los 76 programas educativos que se ofertan en la capital poblana y en los 35 de las 20 sedes regionales, entre estas San Jos\u00e9 Chiapa, Tehuac\u00e1n, Atlixco, Tecamachalco, Iz\u00facar de Matamoros, Los Reyes de Ju\u00e1rez, Cuetzalan y Chignahuapan.<\/p>\n\n\n\n<p>Por su parte, los estudiantes de posgrado tambi\u00e9n se incorporan a los 102 planes de estudio de la instituci\u00f3n. Cabe recordar que el inicio de labores administrativas fue el pasado 1 de agosto y los alumnos de nuevo ingreso comienzan clases el pr\u00f3ximo 15 de agosto.<\/p>\n\n\n\n<p>La inscripci\u00f3n y conformaci\u00f3n del horario de clases es una actividad que se realiza a distancia desde hace varios a\u00f1os, a trav\u00e9s del sistema de informaci\u00f3n universitario, por lo que profesores y alumnos pueden acceder a su informaci\u00f3n de horarios, carga de materias, docentes y espacios desde cualquier sitio con internet, por medio de su cuenta de autoservicios.<\/p>\n","protected":false},"excerpt":{"rendered":"<p>Este lunes 8 de agosto 85 mil estudiantes de preparatoria, licenciatura de semestres y cuatrimestres avanzados y posgrado, de la BUAP, reanudan actividades acad\u00e9micas correspondientes al ciclo escolar Oto\u00f1o 2022. En el caso de preparatoria, los alumnos regresan a las aulas en las seis unidades acad\u00e9micas de la capital poblana, en las 21 sedes (incluido [&hellip;]<\/p>\n","protected":false},"author":4,"featured_media":11337,"comment_status":"open","ping_status":"open","sticky":false,"template":"","format":"standard","meta":{"om_disable_all_campaigns":false,"_monsterinsights_skip_tracking":false,"_monsterinsights_sitenote_active":false,"_monsterinsights_sitenote_note":"","_monsterinsights_sitenote_category":0,"footnotes":""},"categories":[175],"tags":[195,223],"class_list":["post-11336","post","type-post","status-publish","format-standard","has-post-thumbnail","hentry","category-local","tag-principal","tag-puebla"],"amp_enabled":true,"_links":{"self":[{"href":"https:\/\/lahora.mx\/index.php\/wp-json\/wp\/v2\/posts\/11336","targetHints":{"allow":["GET"]}}],"collection":[{"href":"https:\/\/lahora.mx\/index.php\/wp-json\/wp\/v2\/posts"}],"about":[{"href":"https:\/\/lahora.mx\/index.php\/wp-json\/wp\/v2\/types\/post"}],"author":[{"embeddable":true,"href":"https:\/\/lahora.mx\/index.php\/wp-json\/wp\/v2\/users\/4"}],"replies":[{"embeddable":true,"href":"https:\/\/lahora.mx\/index.php\/wp-json\/wp\/v2\/comments?post=11336"}],"version-history":[{"count":1,"href":"https:\/\/lahora.mx\/index.php\/wp-json\/wp\/v2\/posts\/11336\/revisions"}],"predecessor-version":[{"id":11338,"href":"https:\/\/lahora.mx\/index.php\/wp-json\/wp\/v2\/posts\/11336\/revisions\/11338"}],"wp:featuredmedia":[{"embeddable":true,"href":"https:\/\/lahora.mx\/index.php\/wp-json\/wp\/v2\/media\/11337"}],"wp:attachment":[{"href":"https:\/\/lahora.mx\/index.php\/wp-json\/wp\/v2\/media?parent=11336"}],"wp:term":[{"taxonomy":"category","embeddable":true,"href":"https:\/\/lahora.mx\/index.php\/wp-json\/wp\/v2\/categories?post=11336"},{"taxonomy":"post_tag","embeddable":true,"href":"https:\/\/lahora.mx\/index.php\/wp-json\/wp\/v2\/tags?post=11336"}],"curies":[{"name":"wp","href":"https:\/\/api.w.org\/{rel}","templated":true}]}}