{"id":11315,"date":"2022-08-07T21:42:37","date_gmt":"2022-08-07T21:42:37","guid":{"rendered":"http:\/\/lahora.mx\/?p=11315"},"modified":"2022-08-07T21:42:38","modified_gmt":"2022-08-07T21:42:38","slug":"un-muerto-y-21-heridos-tras-choque-de-autobus-ado-en-la-autopista-mexico-puebla","status":"publish","type":"post","link":"https:\/\/lahora.mx\/index.php\/2022\/08\/07\/un-muerto-y-21-heridos-tras-choque-de-autobus-ado-en-la-autopista-mexico-puebla\/","title":{"rendered":"Un muerto y 21 heridos tras choque de autob\u00fas ADO en la autopista M\u00e9xico-Puebla"},"content":{"rendered":"\n<p>Un muerto y un total de 21 pasajeros lesionados dej\u00f3 el choque de un autob\u00fas ADO en la autopista M\u00e9xico-Puebla que se dirig\u00eda a Oaxaca, y un tractocami\u00f3n que transportaba varios troncos de \u00e1rbol.<\/p>\n\n\n\n<p>El fatal accidente ocurri\u00f3 la madrugada de este domingo entre San Mat\u00edas Tlalancaleca y San Salvador El Verde en la regi\u00f3n de Texmelucan, con direcci\u00f3n a la ciudad de Puebla.<br>Los peritajes iniciales presumen que el operador del autob\u00fas con n\u00famero econ\u00f3mico 3353 de la l\u00ednea ADO iba a exceso de velocidad; al llegar al referido tramo choc\u00f3 por alcance contra un tractocami\u00f3n cargado de troncos de madera.<\/p>\n\n\n\n<p>El impacto ocasion\u00f3 que el frente de la unidad de pasajeros acabara destrozada y que el conductor terminara prensado mientras que 21 pasajeros resultaron con diversos golpes.<\/p>\n\n\n\n<p>Param\u00e9dicos de Caminos y Puentes Federales (Capufe) as\u00ed como personal de la Guardia Nacional (GN) Secci\u00f3n Carreteras se movilizaron al lugar del accidente donde confirmaron el deceso del chofer del autob\u00fas y atendieron a los heridos para llevarlos a diversos nosocomios de la ciudad de Puebla.<\/p>\n\n\n\n<p>Agentes federales se encargaron de las pesquisas de ley para el levantamiento del cuerpo el cual fue enviado a la morgue en espera de que alg\u00fan familiar llegue a identificarlo de manera oficial y a reclamar el cuerpo.<\/p>\n\n\n\n<p>Las unidades fueron remolcadas con el apoyo de gr\u00faas al corral\u00f3n, mientras tanto se abri\u00f3 una carpeta de investigaci\u00f3n que fue turnada al agente del Ministerio P\u00fablico del fuero com\u00fan para que siga con las pesquisas correspondientes respecto al choque de un ADO en la autopista M\u00e9xico-Puebla.<\/p>\n","protected":false},"excerpt":{"rendered":"<p>Un muerto y un total de 21 pasajeros lesionados dej\u00f3 el choque de un autob\u00fas ADO en la autopista M\u00e9xico-Puebla que se dirig\u00eda a Oaxaca, y un tractocami\u00f3n que transportaba varios troncos de \u00e1rbol. El fatal accidente ocurri\u00f3 la madrugada de este domingo entre San Mat\u00edas Tlalancaleca y San Salvador El Verde en la regi\u00f3n [&hellip;]<\/p>\n","protected":false},"author":4,"featured_media":11316,"comment_status":"open","ping_status":"open","sticky":false,"template":"","format":"standard","meta":{"om_disable_all_campaigns":false,"_monsterinsights_skip_tracking":false,"_monsterinsights_sitenote_active":false,"_monsterinsights_sitenote_note":"","_monsterinsights_sitenote_category":0,"footnotes":""},"categories":[175],"tags":[195,223],"class_list":["post-11315","post","type-post","status-publish","format-standard","has-post-thumbnail","hentry","category-local","tag-principal","tag-puebla"],"amp_enabled":true,"_links":{"self":[{"href":"https:\/\/lahora.mx\/index.php\/wp-json\/wp\/v2\/posts\/11315","targetHints":{"allow":["GET"]}}],"collection":[{"href":"https:\/\/lahora.mx\/index.php\/wp-json\/wp\/v2\/posts"}],"about":[{"href":"https:\/\/lahora.mx\/index.php\/wp-json\/wp\/v2\/types\/post"}],"author":[{"embeddable":true,"href":"https:\/\/lahora.mx\/index.php\/wp-json\/wp\/v2\/users\/4"}],"replies":[{"embeddable":true,"href":"https:\/\/lahora.mx\/index.php\/wp-json\/wp\/v2\/comments?post=11315"}],"version-history":[{"count":1,"href":"https:\/\/lahora.mx\/index.php\/wp-json\/wp\/v2\/posts\/11315\/revisions"}],"predecessor-version":[{"id":11317,"href":"https:\/\/lahora.mx\/index.php\/wp-json\/wp\/v2\/posts\/11315\/revisions\/11317"}],"wp:featuredmedia":[{"embeddable":true,"href":"https:\/\/lahora.mx\/index.php\/wp-json\/wp\/v2\/media\/11316"}],"wp:attachment":[{"href":"https:\/\/lahora.mx\/index.php\/wp-json\/wp\/v2\/media?parent=11315"}],"wp:term":[{"taxonomy":"category","embeddable":true,"href":"https:\/\/lahora.mx\/index.php\/wp-json\/wp\/v2\/categories?post=11315"},{"taxonomy":"post_tag","embeddable":true,"href":"https:\/\/lahora.mx\/index.php\/wp-json\/wp\/v2\/tags?post=11315"}],"curies":[{"name":"wp","href":"https:\/\/api.w.org\/{rel}","templated":true}]}}