{"id":11312,"date":"2022-08-07T16:21:29","date_gmt":"2022-08-07T16:21:29","guid":{"rendered":"http:\/\/lahora.mx\/?p=11312"},"modified":"2022-08-07T16:21:30","modified_gmt":"2022-08-07T16:21:30","slug":"dos-hombres-son-asesinados-en-zacatlan-y-texmelucan","status":"publish","type":"post","link":"https:\/\/lahora.mx\/index.php\/2022\/08\/07\/dos-hombres-son-asesinados-en-zacatlan-y-texmelucan\/","title":{"rendered":"Dos hombres son asesinados en Zacatl\u00e1n y Texmelucan"},"content":{"rendered":"\n<p>La tarde de este s\u00e1bado 6 de agosto fueron asesinadas dos personas en Puebla, una en Zacatl\u00e1n y otra en San Mart\u00edn Texmelucan.<\/p>\n\n\n\n<p>El cuerpo encontrado en Zacatl\u00e1n presentaba se\u00f1ales de violencia, mientras que el cuerpo de San Mart\u00edn Texmelucan fue acribillado, pero hasta el momento de esta publicaci\u00f3n las dos v\u00edctimas segu\u00edan sin ser identificadas.<\/p>\n\n\n\n<p>El homicidio en San Mart\u00edn Texmelucan ocurri\u00f3 durante una balacera en colonia La Joya y se sospecha de un ajuste de cuentas entre grupos criminales.<\/p>\n\n\n\n<p>Elementos de la Polic\u00eda Municipal acordonaron la zona tras el ataque y personal de la Fiscal\u00eda General del Estado (FGE) acudi\u00f3 a realizar el levantamiento de cad\u00e1ver.<br>El pasado 28 de junio en la misma colonia fue ejecutado otro hombre por un grupo de personas armadas.<\/p>\n\n\n\n<p>Otras dos ejecuciones esta semana<\/p>\n\n\n\n<p>El 4 de agosto fue ejecutado de un balazo Scott Danford en su bar La Mezca, en San Andr\u00e9s Cholula.<\/p>\n\n\n\n<p>El mismo d\u00eda, otro hombre a\u00fan no identificado fue arrojado en la barranca ubicada junta al puente Bicentenario, en el Perif\u00e9rico Ecol\u00f3gico.<\/p>\n","protected":false},"excerpt":{"rendered":"<p>La tarde de este s\u00e1bado 6 de agosto fueron asesinadas dos personas en Puebla, una en Zacatl\u00e1n y otra en San Mart\u00edn Texmelucan. El cuerpo encontrado en Zacatl\u00e1n presentaba se\u00f1ales de violencia, mientras que el cuerpo de San Mart\u00edn Texmelucan fue acribillado, pero hasta el momento de esta publicaci\u00f3n las dos v\u00edctimas segu\u00edan sin ser [&hellip;]<\/p>\n","protected":false},"author":4,"featured_media":11313,"comment_status":"open","ping_status":"open","sticky":false,"template":"","format":"standard","meta":{"om_disable_all_campaigns":false,"_monsterinsights_skip_tracking":false,"_monsterinsights_sitenote_active":false,"_monsterinsights_sitenote_note":"","_monsterinsights_sitenote_category":0,"footnotes":""},"categories":[175],"tags":[223],"class_list":["post-11312","post","type-post","status-publish","format-standard","has-post-thumbnail","hentry","category-local","tag-puebla"],"amp_enabled":true,"_links":{"self":[{"href":"https:\/\/lahora.mx\/index.php\/wp-json\/wp\/v2\/posts\/11312","targetHints":{"allow":["GET"]}}],"collection":[{"href":"https:\/\/lahora.mx\/index.php\/wp-json\/wp\/v2\/posts"}],"about":[{"href":"https:\/\/lahora.mx\/index.php\/wp-json\/wp\/v2\/types\/post"}],"author":[{"embeddable":true,"href":"https:\/\/lahora.mx\/index.php\/wp-json\/wp\/v2\/users\/4"}],"replies":[{"embeddable":true,"href":"https:\/\/lahora.mx\/index.php\/wp-json\/wp\/v2\/comments?post=11312"}],"version-history":[{"count":1,"href":"https:\/\/lahora.mx\/index.php\/wp-json\/wp\/v2\/posts\/11312\/revisions"}],"predecessor-version":[{"id":11314,"href":"https:\/\/lahora.mx\/index.php\/wp-json\/wp\/v2\/posts\/11312\/revisions\/11314"}],"wp:featuredmedia":[{"embeddable":true,"href":"https:\/\/lahora.mx\/index.php\/wp-json\/wp\/v2\/media\/11313"}],"wp:attachment":[{"href":"https:\/\/lahora.mx\/index.php\/wp-json\/wp\/v2\/media?parent=11312"}],"wp:term":[{"taxonomy":"category","embeddable":true,"href":"https:\/\/lahora.mx\/index.php\/wp-json\/wp\/v2\/categories?post=11312"},{"taxonomy":"post_tag","embeddable":true,"href":"https:\/\/lahora.mx\/index.php\/wp-json\/wp\/v2\/tags?post=11312"}],"curies":[{"name":"wp","href":"https:\/\/api.w.org\/{rel}","templated":true}]}}