{"id":11292,"date":"2022-08-05T23:37:14","date_gmt":"2022-08-05T23:37:14","guid":{"rendered":"http:\/\/lahora.mx\/?p=11292"},"modified":"2022-08-05T23:37:15","modified_gmt":"2022-08-05T23:37:15","slug":"cadete-de-la-fuerza-civil-de-veracruz-muere-tras-salto-en-parque-extremo-de-puebla","status":"publish","type":"post","link":"https:\/\/lahora.mx\/index.php\/2022\/08\/05\/cadete-de-la-fuerza-civil-de-veracruz-muere-tras-salto-en-parque-extremo-de-puebla\/","title":{"rendered":"Cadete de la Fuerza Civil de Veracruz Muere tras salto en parque extremo de Puebla"},"content":{"rendered":"\n<p>Durante una pr\u00e1ctica de salto muri\u00f3 un cadete de la Fuerza Civil de Veracruz, luego que su paraca\u00eddas no abri\u00f3 y cay\u00f3 desde las alturas en el municipio de Atlixco, en el estado de Puebla.<\/p>\n\n\n\n<p>El fatal accidente se registr\u00f3 este 5 de agosto por la tarde en el parque extremo Skydive, localizado cerca de la carretera Tenextepec.<\/p>\n\n\n\n<p>Se sabe que, como parte de su adiestramiento, un grupo de cadetes subi\u00f3 a una avioneta para sus pr\u00e1cticas de salto. A miles de pies de altura, los elementos de la Fuerza Civil de Veracruz pidieron a los aspirantes que se colocaran sus paraca\u00eddas para saltar.<\/p>\n\n\n\n<p>Los cadetes empezaron a arrojarse uno a uno para realizar su aterrizaje sobre los campos del sitio, sin contar con que uno de ellos presentar\u00eda problemas en su paraca\u00eddas, ya que no abri\u00f3 y cay\u00f3 cientos de metros.<br>El cadete cuyo nombre no se ha revelado sufri\u00f3 diversas lesiones y muri\u00f3 de inmediato, as\u00ed que, aunque se solicit\u00f3 el auxilio de los servicios de emergencia, ya no contaba con signos vitales.<br>Peritos de la Fiscal\u00eda General del Estado (FGE) acudieron a realizar el levantamiento de cad\u00e1ver de la v\u00edctima.<br>Pese a que la corporaci\u00f3n de seguridad es de Veracruz, debido a que el hecho ocurri\u00f3 en Puebla las autoridades poblanas se encargar\u00e1n de continuar con las investigaciones y de practicarle la necropsia de rigor a la v\u00edctima.<\/p>\n\n\n\n<p>Una vez que concluyan los estudios necesarios en la morgue y los tr\u00e1mites correspondientes, el cuerpo ser\u00e1 llevado a Veracruz.<\/p>\n","protected":false},"excerpt":{"rendered":"<p>Durante una pr\u00e1ctica de salto muri\u00f3 un cadete de la Fuerza Civil de Veracruz, luego que su paraca\u00eddas no abri\u00f3 y cay\u00f3 desde las alturas en el municipio de Atlixco, en el estado de Puebla. El fatal accidente se registr\u00f3 este 5 de agosto por la tarde en el parque extremo Skydive, localizado cerca de [&hellip;]<\/p>\n","protected":false},"author":4,"featured_media":11293,"comment_status":"open","ping_status":"open","sticky":false,"template":"","format":"standard","meta":{"om_disable_all_campaigns":false,"_monsterinsights_skip_tracking":false,"_monsterinsights_sitenote_active":false,"_monsterinsights_sitenote_note":"","_monsterinsights_sitenote_category":0,"footnotes":""},"categories":[175],"tags":[223],"class_list":["post-11292","post","type-post","status-publish","format-standard","has-post-thumbnail","hentry","category-local","tag-puebla"],"amp_enabled":true,"_links":{"self":[{"href":"https:\/\/lahora.mx\/index.php\/wp-json\/wp\/v2\/posts\/11292","targetHints":{"allow":["GET"]}}],"collection":[{"href":"https:\/\/lahora.mx\/index.php\/wp-json\/wp\/v2\/posts"}],"about":[{"href":"https:\/\/lahora.mx\/index.php\/wp-json\/wp\/v2\/types\/post"}],"author":[{"embeddable":true,"href":"https:\/\/lahora.mx\/index.php\/wp-json\/wp\/v2\/users\/4"}],"replies":[{"embeddable":true,"href":"https:\/\/lahora.mx\/index.php\/wp-json\/wp\/v2\/comments?post=11292"}],"version-history":[{"count":1,"href":"https:\/\/lahora.mx\/index.php\/wp-json\/wp\/v2\/posts\/11292\/revisions"}],"predecessor-version":[{"id":11294,"href":"https:\/\/lahora.mx\/index.php\/wp-json\/wp\/v2\/posts\/11292\/revisions\/11294"}],"wp:featuredmedia":[{"embeddable":true,"href":"https:\/\/lahora.mx\/index.php\/wp-json\/wp\/v2\/media\/11293"}],"wp:attachment":[{"href":"https:\/\/lahora.mx\/index.php\/wp-json\/wp\/v2\/media?parent=11292"}],"wp:term":[{"taxonomy":"category","embeddable":true,"href":"https:\/\/lahora.mx\/index.php\/wp-json\/wp\/v2\/categories?post=11292"},{"taxonomy":"post_tag","embeddable":true,"href":"https:\/\/lahora.mx\/index.php\/wp-json\/wp\/v2\/tags?post=11292"}],"curies":[{"name":"wp","href":"https:\/\/api.w.org\/{rel}","templated":true}]}}