{"id":11289,"date":"2022-08-05T23:33:41","date_gmt":"2022-08-05T23:33:41","guid":{"rendered":"http:\/\/lahora.mx\/?p=11289"},"modified":"2022-08-05T23:34:38","modified_gmt":"2022-08-05T23:34:38","slug":"un-1-mmdd-invertira-vw-en-puebla","status":"publish","type":"post","link":"https:\/\/lahora.mx\/index.php\/2022\/08\/05\/un-1-mmdd-invertira-vw-en-puebla\/","title":{"rendered":"Un 1 mmdd, invertir\u00e1 VW en Puebla"},"content":{"rendered":"\n<p>En Alemania se report\u00f3 que la inversi\u00f3n que anunci\u00f3 Volkswagen en Puebla ser\u00e1 de casi un mill\u00f3n de d\u00f3lares, principalmente para desarrollar la movilidad el\u00e9ctrica.<\/p>\n\n\n\n<p>De acuerdo con la agencia de noticias Latinpress, de Alemania, Volkswagen busca posicionar la planta poblana como una de las m\u00e1s modernas del consorcio.<\/p>\n\n\n\n<p>\u201cEl fabricante alem\u00e1n de autom\u00f3viles Volkswagen (VW) quiere posicionar la planta de Puebla, M\u00e9xico como una de las m\u00e1s modernas de todo el consorcio automovil\u00edstico europeo y quiere realizar una inversi\u00f3n de casi mil millones de d\u00f3lares para este fin\u201d, se\u00f1ala una nota publicada este viernes.<\/p>\n\n\n\n<p>Adem\u00e1s, se afirma que la inversi\u00f3n formar\u00e1 parte de la migraci\u00f3n hacia la movilidad el\u00e9ctrica del grupo Volkswagen.<br>\u201cEl Grupo pretende ampliar su nave industrial para llevar a cabo la producci\u00f3n t\u00e9cnica y centrarse en sus planes de movilidad el\u00e9ctrica. En una reuni\u00f3n entre el presidente y director general de \u00abVolkswagen de M\u00e9xico\u00bb, Holger Nestler y el gobernador Miguel Barbosa, que consisti\u00f3 en afinar los detalles de la inversi\u00f3n de la automotriz alemana en el estado, se inform\u00f3 que el monto de capital podr\u00eda equipararse a la construcci\u00f3n de una nueva planta, aunque dijo que el anuncio se har\u00e1 en el \u00faltimo trimestre de 2022\u201d, se detalla.<\/p>\n\n\n\n<p>Si bien la cifra de la inversi\u00f3n no se ha dado a conocer de manera oficial, se trata del dato m\u00e1s cercano conocido hasta ahora por la prensa.<\/p>\n\n\n\n<p>Para su arribo a Puebla, en la planta de Audi se invirtieron 1 mil millones de d\u00f3lares, lo que supera los 20 mil millones de pesos mexicanos con tipo de cambio actual.<\/p>\n","protected":false},"excerpt":{"rendered":"<p>En Alemania se report\u00f3 que la inversi\u00f3n que anunci\u00f3 Volkswagen en Puebla ser\u00e1 de casi un mill\u00f3n de d\u00f3lares, principalmente para desarrollar la movilidad el\u00e9ctrica. De acuerdo con la agencia de noticias Latinpress, de Alemania, Volkswagen busca posicionar la planta poblana como una de las m\u00e1s modernas del consorcio. \u201cEl fabricante alem\u00e1n de autom\u00f3viles Volkswagen [&hellip;]<\/p>\n","protected":false},"author":4,"featured_media":11290,"comment_status":"open","ping_status":"open","sticky":false,"template":"","format":"standard","meta":{"om_disable_all_campaigns":false,"_monsterinsights_skip_tracking":false,"_monsterinsights_sitenote_active":false,"_monsterinsights_sitenote_note":"","_monsterinsights_sitenote_category":0,"footnotes":""},"categories":[175],"tags":[],"class_list":["post-11289","post","type-post","status-publish","format-standard","has-post-thumbnail","hentry","category-local"],"amp_enabled":true,"_links":{"self":[{"href":"https:\/\/lahora.mx\/index.php\/wp-json\/wp\/v2\/posts\/11289","targetHints":{"allow":["GET"]}}],"collection":[{"href":"https:\/\/lahora.mx\/index.php\/wp-json\/wp\/v2\/posts"}],"about":[{"href":"https:\/\/lahora.mx\/index.php\/wp-json\/wp\/v2\/types\/post"}],"author":[{"embeddable":true,"href":"https:\/\/lahora.mx\/index.php\/wp-json\/wp\/v2\/users\/4"}],"replies":[{"embeddable":true,"href":"https:\/\/lahora.mx\/index.php\/wp-json\/wp\/v2\/comments?post=11289"}],"version-history":[{"count":1,"href":"https:\/\/lahora.mx\/index.php\/wp-json\/wp\/v2\/posts\/11289\/revisions"}],"predecessor-version":[{"id":11291,"href":"https:\/\/lahora.mx\/index.php\/wp-json\/wp\/v2\/posts\/11289\/revisions\/11291"}],"wp:featuredmedia":[{"embeddable":true,"href":"https:\/\/lahora.mx\/index.php\/wp-json\/wp\/v2\/media\/11290"}],"wp:attachment":[{"href":"https:\/\/lahora.mx\/index.php\/wp-json\/wp\/v2\/media?parent=11289"}],"wp:term":[{"taxonomy":"category","embeddable":true,"href":"https:\/\/lahora.mx\/index.php\/wp-json\/wp\/v2\/categories?post=11289"},{"taxonomy":"post_tag","embeddable":true,"href":"https:\/\/lahora.mx\/index.php\/wp-json\/wp\/v2\/tags?post=11289"}],"curies":[{"name":"wp","href":"https:\/\/api.w.org\/{rel}","templated":true}]}}