{"id":11277,"date":"2022-08-05T18:36:25","date_gmt":"2022-08-05T18:36:25","guid":{"rendered":"http:\/\/lahora.mx\/?p=11277"},"modified":"2022-08-05T18:36:26","modified_gmt":"2022-08-05T18:36:26","slug":"graban-un-atraco-a-veterinaria-de-cuautlancingo-empleado-es-amedrentado-con-armas-de-fuego","status":"publish","type":"post","link":"https:\/\/lahora.mx\/index.php\/2022\/08\/05\/graban-un-atraco-a-veterinaria-de-cuautlancingo-empleado-es-amedrentado-con-armas-de-fuego\/","title":{"rendered":"Graban un atraco a veterinaria de Cuautlancingo empleado es amedrentado con armas de fuego"},"content":{"rendered":"\n<p>C\u00e1maras de videovigilancia al interior de una farmacia veterinaria en Cuautlancingo grabaron el momento en que tres hombres entraron y amagaron al encargado con ayuda de armas de fuego, para luego robar todo lo que pudieron y emprender la huida.<\/p>\n\n\n\n<p>Los hechos se registraron la tarde del 4 de agosto, cuando tres hombres cubiertos del rostro y armados, entraron a dicha farmacia y en una bolsa de pl\u00e1stico comenzaron a meter la mercanc\u00eda que estaba a la venta, al mismo tiempo que sometieron al encargado del lugar para luego huir sin nadie los detuviera.<\/p>\n\n\n\n<p>Por fortuna todo qued\u00f3 grabado en las c\u00e1maras de videovigilancia que se encontraban instaladas al interior del negocio, por lo que las autoridades municipales ya andan tras los tras los delincuentes.<\/p>\n\n\n\n<p>Vecinos del municipio pidieron al presidente municipal Filomeno Sarmiento Torres, tener m\u00e1s vigilancia en todo el municipio, pues en las \u00faltimas semanas se han registrado un n\u00famero considerable de asaltos y robos en diferentes zonas de la demarcaci\u00f3n.<\/p>\n","protected":false},"excerpt":{"rendered":"<p>C\u00e1maras de videovigilancia al interior de una farmacia veterinaria en Cuautlancingo grabaron el momento en que tres hombres entraron y amagaron al encargado con ayuda de armas de fuego, para luego robar todo lo que pudieron y emprender la huida. Los hechos se registraron la tarde del 4 de agosto, cuando tres hombres cubiertos del [&hellip;]<\/p>\n","protected":false},"author":4,"featured_media":11278,"comment_status":"open","ping_status":"open","sticky":false,"template":"","format":"standard","meta":{"om_disable_all_campaigns":false,"_monsterinsights_skip_tracking":false,"_monsterinsights_sitenote_active":false,"_monsterinsights_sitenote_note":"","_monsterinsights_sitenote_category":0,"footnotes":""},"categories":[175,226],"tags":[223],"class_list":["post-11277","post","type-post","status-publish","format-standard","has-post-thumbnail","hentry","category-local","category-policia","tag-puebla"],"amp_enabled":true,"_links":{"self":[{"href":"https:\/\/lahora.mx\/index.php\/wp-json\/wp\/v2\/posts\/11277","targetHints":{"allow":["GET"]}}],"collection":[{"href":"https:\/\/lahora.mx\/index.php\/wp-json\/wp\/v2\/posts"}],"about":[{"href":"https:\/\/lahora.mx\/index.php\/wp-json\/wp\/v2\/types\/post"}],"author":[{"embeddable":true,"href":"https:\/\/lahora.mx\/index.php\/wp-json\/wp\/v2\/users\/4"}],"replies":[{"embeddable":true,"href":"https:\/\/lahora.mx\/index.php\/wp-json\/wp\/v2\/comments?post=11277"}],"version-history":[{"count":1,"href":"https:\/\/lahora.mx\/index.php\/wp-json\/wp\/v2\/posts\/11277\/revisions"}],"predecessor-version":[{"id":11279,"href":"https:\/\/lahora.mx\/index.php\/wp-json\/wp\/v2\/posts\/11277\/revisions\/11279"}],"wp:featuredmedia":[{"embeddable":true,"href":"https:\/\/lahora.mx\/index.php\/wp-json\/wp\/v2\/media\/11278"}],"wp:attachment":[{"href":"https:\/\/lahora.mx\/index.php\/wp-json\/wp\/v2\/media?parent=11277"}],"wp:term":[{"taxonomy":"category","embeddable":true,"href":"https:\/\/lahora.mx\/index.php\/wp-json\/wp\/v2\/categories?post=11277"},{"taxonomy":"post_tag","embeddable":true,"href":"https:\/\/lahora.mx\/index.php\/wp-json\/wp\/v2\/tags?post=11277"}],"curies":[{"name":"wp","href":"https:\/\/api.w.org\/{rel}","templated":true}]}}