{"id":11262,"date":"2022-08-05T16:01:23","date_gmt":"2022-08-05T16:01:23","guid":{"rendered":"http:\/\/lahora.mx\/?p=11262"},"modified":"2022-08-05T16:01:24","modified_gmt":"2022-08-05T16:01:24","slug":"es-baleado-el-autobus-del-cantante-fidel-rueda-hay-2-heridos","status":"publish","type":"post","link":"https:\/\/lahora.mx\/index.php\/2022\/08\/05\/es-baleado-el-autobus-del-cantante-fidel-rueda-hay-2-heridos\/","title":{"rendered":"Es baleado el autob\u00fas del cantante Fidel Rueda; hay 2 heridos"},"content":{"rendered":"\n<p>Sujetos armados balearon e intentaron robar el autob\u00fas del cantante de m\u00fasica regional Fidel Rueda, en el kil\u00f3metro 95 de la autopista M\u00e9xico-Puebla, a la altura de la junta auxiliar de Santa Mar\u00eda Moyotzingo, en San Mart\u00edn Texmelucan, donde hubo dos heridos y ninguna persona arrestada por estos hechos.<\/p>\n\n\n\n<p>El 4 de agosto por la noche, trabajadores del int\u00e9rprete de canciones como \u201cEnhorabuena\u201d y \u201cT\u00fa ya eres cosa del pasado\u201d, circulaban a bordo de un autob\u00fas logotipado, sobre la mencionada v\u00eda.<br><\/p>\n\n\n\n<p>Sin embargo, a la altura de Moyotzingo fueron interceptados por un comando que trat\u00f3 de robarles la unidad en la que llevaban los instrumentos del cantante.<\/p>\n\n\n\n<p>Pese a lo anterior, el conductor sigui\u00f3 su camino mientras su copiloto pidi\u00f3 ayuda a los n\u00fameros de emergencias, por lo que las autoridades policiacas del municipio y elementos de la Guardia Nacional (GN) se movilizaron y ayudaron a las v\u00edctimas mientras los delincuentes huyeron de la zona.<br>Una vez que las autoridades policiacas lograron hablar con los agraviados, encontraron que hab\u00eda dos heridos de bala, uno de ellos de gravedad, as\u00ed como dos personas con crisis nerviosa.<\/p>\n\n\n\n<p>Todos fueron atendidos por param\u00e9dicos de Caminos y Puentes Federales (Capufe), quienes los trasladaron a un hospital.<\/p>\n\n\n\n<p>Aunque los oficiales montaron un operativo de b\u00fasqueda por la zona no lograron ubicar a ninguno de los responsables.<\/p>\n\n\n\n<p>Del tema, hasta la noche del jueves el cantante o su grupo de comunicaci\u00f3n social, lo hab\u00edan emitido ninguna postura o comunicado.<\/p>\n","protected":false},"excerpt":{"rendered":"<p>Sujetos armados balearon e intentaron robar el autob\u00fas del cantante de m\u00fasica regional Fidel Rueda, en el kil\u00f3metro 95 de la autopista M\u00e9xico-Puebla, a la altura de la junta auxiliar de Santa Mar\u00eda Moyotzingo, en San Mart\u00edn Texmelucan, donde hubo dos heridos y ninguna persona arrestada por estos hechos. El 4 de agosto por la [&hellip;]<\/p>\n","protected":false},"author":4,"featured_media":11263,"comment_status":"open","ping_status":"open","sticky":false,"template":"","format":"standard","meta":{"om_disable_all_campaigns":false,"_monsterinsights_skip_tracking":false,"_monsterinsights_sitenote_active":false,"_monsterinsights_sitenote_note":"","_monsterinsights_sitenote_category":0,"footnotes":""},"categories":[175],"tags":[223],"class_list":["post-11262","post","type-post","status-publish","format-standard","has-post-thumbnail","hentry","category-local","tag-puebla"],"amp_enabled":true,"_links":{"self":[{"href":"https:\/\/lahora.mx\/index.php\/wp-json\/wp\/v2\/posts\/11262","targetHints":{"allow":["GET"]}}],"collection":[{"href":"https:\/\/lahora.mx\/index.php\/wp-json\/wp\/v2\/posts"}],"about":[{"href":"https:\/\/lahora.mx\/index.php\/wp-json\/wp\/v2\/types\/post"}],"author":[{"embeddable":true,"href":"https:\/\/lahora.mx\/index.php\/wp-json\/wp\/v2\/users\/4"}],"replies":[{"embeddable":true,"href":"https:\/\/lahora.mx\/index.php\/wp-json\/wp\/v2\/comments?post=11262"}],"version-history":[{"count":1,"href":"https:\/\/lahora.mx\/index.php\/wp-json\/wp\/v2\/posts\/11262\/revisions"}],"predecessor-version":[{"id":11264,"href":"https:\/\/lahora.mx\/index.php\/wp-json\/wp\/v2\/posts\/11262\/revisions\/11264"}],"wp:featuredmedia":[{"embeddable":true,"href":"https:\/\/lahora.mx\/index.php\/wp-json\/wp\/v2\/media\/11263"}],"wp:attachment":[{"href":"https:\/\/lahora.mx\/index.php\/wp-json\/wp\/v2\/media?parent=11262"}],"wp:term":[{"taxonomy":"category","embeddable":true,"href":"https:\/\/lahora.mx\/index.php\/wp-json\/wp\/v2\/categories?post=11262"},{"taxonomy":"post_tag","embeddable":true,"href":"https:\/\/lahora.mx\/index.php\/wp-json\/wp\/v2\/tags?post=11262"}],"curies":[{"name":"wp","href":"https:\/\/api.w.org\/{rel}","templated":true}]}}