{"id":11247,"date":"2022-08-05T01:58:17","date_gmt":"2022-08-05T01:58:17","guid":{"rendered":"http:\/\/lahora.mx\/?p=11247"},"modified":"2022-08-05T01:58:19","modified_gmt":"2022-08-05T01:58:19","slug":"para-la-noche-de-museos-en-puebla-se-integran-cuatro-nuevos-recintos","status":"publish","type":"post","link":"https:\/\/lahora.mx\/index.php\/2022\/08\/05\/para-la-noche-de-museos-en-puebla-se-integran-cuatro-nuevos-recintos\/","title":{"rendered":"Para la Noche de Museos en Puebla se integran cuatro nuevos recintos"},"content":{"rendered":"\n<p>Continuando con la estrategia de reactivaci\u00f3n econ\u00f3mica y tur\u00edstica que ha impulsado Eduardo Rivera P\u00e9rez, Presidente Municipal, en el marco de las actividades de verano que se desarrollan en la capital poblana, este s\u00e1bado 06 de agosto se llevar\u00e1 a cabo la edici\u00f3n m\u00e1s grande en lo que va del a\u00f1o de \u00abNoche de Museos\u00bb.<\/p>\n\n\n\n<p>En conferencia de prensa, Carlos Huerta Ram\u00edrez, Director de Turismo, se\u00f1al\u00f3 que para esta jornada participar\u00e1n 35 museos de los cuales cuatro son de reciente ingreso La Rueda Puebla \u201cArte Urbano-Museo al Aire Libre\u201d, Museo de la Memoria Hist\u00f3rica Universitaria, Salas de Introducci\u00f3n a las 32 Regiones del Estado de Puebla y el Acuario Michin.<\/p>\n\n\n\n<p>Para esta octava edici\u00f3n de la Noche de Museos participar\u00e1n 35 sedes, haciendo de esta la edici\u00f3n con m\u00e1s participantes en lo que va de a\u00f1o, y el motivo es que este programa contin\u00faa mostrando resultados positivos para la reactivaci\u00f3n econ\u00f3mica, prueba de ello son los 167 mil visitantes que se han dado cita en los diferentes recintos, esto equivale a llenar tres veces el estadio Cuauht\u00e9moc.<\/p>\n\n\n\n<p>Cabe se\u00f1alar que, desde su creaci\u00f3n, este programa ha permitido aumentar las actividades culturales dentro y fuera del Centro Hist\u00f3rico para disfrute de las y los poblanos, as\u00ed como de visitantes, permitiendo un incremento en la oferta tur\u00edstica-cultural, as\u00ed como detonar la econom\u00eda generando una importante derrama cada vez que se realiza una Noche de Museos.<\/p>\n\n\n\n<p>Al igual que en ocasiones pasadas, se contar\u00e1 con la participaci\u00f3n de Universidades e Instituciones Privadas, tanto de la capital poblana como de los municipios de Cholula, Tehuac\u00e1n, Teziutl\u00e1n y Zacatl\u00e1n.<\/p>\n\n\n\n<p>Para conocer todos los recintos participantes y las promociones que se aplicar\u00e1n se pueden consultar las redes de la Secretar\u00eda de Econom\u00eda y Turismo, @DesaEcoPue, @Noche_de_Museos y @VisitaPuebla en Facebook y Twitter.<\/p>\n","protected":false},"excerpt":{"rendered":"<p>Continuando con la estrategia de reactivaci\u00f3n econ\u00f3mica y tur\u00edstica que ha impulsado Eduardo Rivera P\u00e9rez, Presidente Municipal, en el marco de las actividades de verano que se desarrollan en la capital poblana, este s\u00e1bado 06 de agosto se llevar\u00e1 a cabo la edici\u00f3n m\u00e1s grande en lo que va del a\u00f1o de \u00abNoche de Museos\u00bb. [&hellip;]<\/p>\n","protected":false},"author":4,"featured_media":11248,"comment_status":"open","ping_status":"open","sticky":false,"template":"","format":"standard","meta":{"om_disable_all_campaigns":false,"_monsterinsights_skip_tracking":false,"_monsterinsights_sitenote_active":false,"_monsterinsights_sitenote_note":"","_monsterinsights_sitenote_category":0,"footnotes":""},"categories":[175],"tags":[223],"class_list":["post-11247","post","type-post","status-publish","format-standard","has-post-thumbnail","hentry","category-local","tag-puebla"],"amp_enabled":true,"_links":{"self":[{"href":"https:\/\/lahora.mx\/index.php\/wp-json\/wp\/v2\/posts\/11247","targetHints":{"allow":["GET"]}}],"collection":[{"href":"https:\/\/lahora.mx\/index.php\/wp-json\/wp\/v2\/posts"}],"about":[{"href":"https:\/\/lahora.mx\/index.php\/wp-json\/wp\/v2\/types\/post"}],"author":[{"embeddable":true,"href":"https:\/\/lahora.mx\/index.php\/wp-json\/wp\/v2\/users\/4"}],"replies":[{"embeddable":true,"href":"https:\/\/lahora.mx\/index.php\/wp-json\/wp\/v2\/comments?post=11247"}],"version-history":[{"count":1,"href":"https:\/\/lahora.mx\/index.php\/wp-json\/wp\/v2\/posts\/11247\/revisions"}],"predecessor-version":[{"id":11249,"href":"https:\/\/lahora.mx\/index.php\/wp-json\/wp\/v2\/posts\/11247\/revisions\/11249"}],"wp:featuredmedia":[{"embeddable":true,"href":"https:\/\/lahora.mx\/index.php\/wp-json\/wp\/v2\/media\/11248"}],"wp:attachment":[{"href":"https:\/\/lahora.mx\/index.php\/wp-json\/wp\/v2\/media?parent=11247"}],"wp:term":[{"taxonomy":"category","embeddable":true,"href":"https:\/\/lahora.mx\/index.php\/wp-json\/wp\/v2\/categories?post=11247"},{"taxonomy":"post_tag","embeddable":true,"href":"https:\/\/lahora.mx\/index.php\/wp-json\/wp\/v2\/tags?post=11247"}],"curies":[{"name":"wp","href":"https:\/\/api.w.org\/{rel}","templated":true}]}}