{"id":1123,"date":"2022-01-03T02:25:59","date_gmt":"2022-01-03T02:25:59","guid":{"rendered":"http:\/\/lahora.mx\/?p=1123"},"modified":"2022-01-03T02:25:59","modified_gmt":"2022-01-03T02:25:59","slug":"el-regreso-a-clases-en-la-buap-sera-de-manera-virtual","status":"publish","type":"post","link":"https:\/\/lahora.mx\/index.php\/2022\/01\/03\/el-regreso-a-clases-en-la-buap-sera-de-manera-virtual\/","title":{"rendered":"El regreso a clases en la BUAP ser\u00e1 de manera virtual"},"content":{"rendered":"<p>Casi 117 mil estudiantes de nivel medio superior y superior de la Benem\u00e9rita Universidad Aut\u00f3noma de Puebla (BUAP) retomar\u00e1n actividades en l\u00ednea este 3 de enero, mientras que el retorno gradual y escalonado a la presencialidad comenzar\u00e1 el d\u00eda 24 del mismo mes con un aforo m\u00e1ximo del 50 por ciento en salones o laboratorios.<\/p>\n<p>La m\u00e1xima casa de estudios difundi\u00f3 que cada unidad acad\u00e9mica ratificar\u00e1 cu\u00e1les son los cursos que se ofertar\u00e1n de forma presencial, ya que los estudiantes volver\u00e1n a ocupar las instalaciones solo para actividades acad\u00e9micas prioritarias y bajo los protocolos y medidas de seguridad necesarios.<\/p>\n<p>La BUAP reiter\u00f3 que los estudiantes de posgrado seguir\u00e1n con sus actividades de forma presencial y gradual, seg\u00fan lo aprobado por los Comit\u00e9s Acad\u00e9micos de Posgrado, mientras que los m\u00e1s de 23 mil de nivel medio superior comenzar\u00e1n con la modalidad h\u00edbrida hasta que el grupo de edad al que pertenecen haya tenido acceso a la segunda dosis de la vacuna contra la covid-19.<\/p>\n<div id=\"standard_8\" class=\"st-placement standard_8 inArticle\"><\/div>\n<p>Respecto a las actividades administrativas, la universidad indic\u00f3 que el 100 por ciento de los trabajadores no acad\u00e9micos volver\u00e1n a sus espacios de trabajo de forma escalonada.<\/p>\n<p>La Benem\u00e9rita desglos\u00f3 que del total de su matr\u00edcula, aproximadamente cuatro mil estudiantes son de nuevo ingreso, ya que obtuvieron un lugar para estudiar licenciatura presencial, a distancia y profesional asociado durante el proceso de admisi\u00f3n 2021, mientras que poco m\u00e1s de 87 mil son alumnos de nivel superior que retoman actividades tras las vacaciones de diciembre.<\/p>\n<p>Fuente Sol de Puebla<\/p>\n","protected":false},"excerpt":{"rendered":"<p>Casi 117 mil estudiantes de nivel medio superior y superior de la Benem\u00e9rita Universidad Aut\u00f3noma de Puebla (BUAP) retomar\u00e1n actividades en l\u00ednea este 3 de enero, mientras que el retorno gradual y escalonado a la presencialidad comenzar\u00e1 el d\u00eda 24 del mismo mes con un aforo m\u00e1ximo del 50 por ciento en salones o laboratorios. [&hellip;]<\/p>\n","protected":false},"author":4,"featured_media":1124,"comment_status":"open","ping_status":"open","sticky":false,"template":"","format":"standard","meta":{"om_disable_all_campaigns":false,"_monsterinsights_skip_tracking":false,"_monsterinsights_sitenote_active":false,"_monsterinsights_sitenote_note":"","_monsterinsights_sitenote_category":0,"footnotes":""},"categories":[175],"tags":[195],"class_list":["post-1123","post","type-post","status-publish","format-standard","has-post-thumbnail","hentry","category-local","tag-principal"],"amp_enabled":true,"_links":{"self":[{"href":"https:\/\/lahora.mx\/index.php\/wp-json\/wp\/v2\/posts\/1123","targetHints":{"allow":["GET"]}}],"collection":[{"href":"https:\/\/lahora.mx\/index.php\/wp-json\/wp\/v2\/posts"}],"about":[{"href":"https:\/\/lahora.mx\/index.php\/wp-json\/wp\/v2\/types\/post"}],"author":[{"embeddable":true,"href":"https:\/\/lahora.mx\/index.php\/wp-json\/wp\/v2\/users\/4"}],"replies":[{"embeddable":true,"href":"https:\/\/lahora.mx\/index.php\/wp-json\/wp\/v2\/comments?post=1123"}],"version-history":[{"count":1,"href":"https:\/\/lahora.mx\/index.php\/wp-json\/wp\/v2\/posts\/1123\/revisions"}],"predecessor-version":[{"id":1125,"href":"https:\/\/lahora.mx\/index.php\/wp-json\/wp\/v2\/posts\/1123\/revisions\/1125"}],"wp:featuredmedia":[{"embeddable":true,"href":"https:\/\/lahora.mx\/index.php\/wp-json\/wp\/v2\/media\/1124"}],"wp:attachment":[{"href":"https:\/\/lahora.mx\/index.php\/wp-json\/wp\/v2\/media?parent=1123"}],"wp:term":[{"taxonomy":"category","embeddable":true,"href":"https:\/\/lahora.mx\/index.php\/wp-json\/wp\/v2\/categories?post=1123"},{"taxonomy":"post_tag","embeddable":true,"href":"https:\/\/lahora.mx\/index.php\/wp-json\/wp\/v2\/tags?post=1123"}],"curies":[{"name":"wp","href":"https:\/\/api.w.org\/{rel}","templated":true}]}}