{"id":1117,"date":"2022-01-03T02:10:33","date_gmt":"2022-01-03T02:10:33","guid":{"rendered":"http:\/\/lahora.mx\/?p=1117"},"modified":"2022-01-03T02:10:33","modified_gmt":"2022-01-03T02:10:33","slug":"299544-muertos-por-covid-19-en-inicio-de-ano-suma-mexico","status":"publish","type":"post","link":"https:\/\/lahora.mx\/index.php\/2022\/01\/03\/299544-muertos-por-covid-19-en-inicio-de-ano-suma-mexico\/","title":{"rendered":"299,544 muertos por covid-19 en inicio de a\u00f1o suma M\u00e9xico"},"content":{"rendered":"<p>La Secretar\u00eda de Salud inform\u00f3, a trav\u00e9s de su informe t\u00e9cnico, que en M\u00e9xico los casos positivos de covid-19 ascendieron a 3,990,587.<\/p>\n<p>En su reporte diario, tambi\u00e9n publicado en su sitio web, se dio a conocer que las muertes relacionadas al covid-19 en la Rep\u00fablica llegaron a 299,544.<\/p>\n<p>La Secretar\u00eda de Salud tambi\u00e9n inform\u00f3 que M\u00e9xico inicia el a\u00f1o con 81 millones 916 mil 395 personas inmunizadas desde que comenz\u00f3 la Estrategia Nacional de Vacunaci\u00f3n contra covid-19.<br \/>\nDe ese total, 72 millones 849 mil 124 cuentan con esquema completo, que equivale a 89 por ciento, y nueve millones 067 mil 271.<\/p>\n<p>Fuente Excelsior<\/p>\n","protected":false},"excerpt":{"rendered":"<p>La Secretar\u00eda de Salud inform\u00f3, a trav\u00e9s de su informe t\u00e9cnico, que en M\u00e9xico los casos positivos de covid-19 ascendieron a 3,990,587. En su reporte diario, tambi\u00e9n publicado en su sitio web, se dio a conocer que las muertes relacionadas al covid-19 en la Rep\u00fablica llegaron a 299,544. La Secretar\u00eda de Salud tambi\u00e9n inform\u00f3 que [&hellip;]<\/p>\n","protected":false},"author":4,"featured_media":1118,"comment_status":"open","ping_status":"open","sticky":false,"template":"","format":"standard","meta":{"om_disable_all_campaigns":false,"_monsterinsights_skip_tracking":false,"_monsterinsights_sitenote_active":false,"_monsterinsights_sitenote_note":"","_monsterinsights_sitenote_category":0,"footnotes":""},"categories":[176],"tags":[],"class_list":["post-1117","post","type-post","status-publish","format-standard","has-post-thumbnail","hentry","category-nacional"],"amp_enabled":true,"_links":{"self":[{"href":"https:\/\/lahora.mx\/index.php\/wp-json\/wp\/v2\/posts\/1117","targetHints":{"allow":["GET"]}}],"collection":[{"href":"https:\/\/lahora.mx\/index.php\/wp-json\/wp\/v2\/posts"}],"about":[{"href":"https:\/\/lahora.mx\/index.php\/wp-json\/wp\/v2\/types\/post"}],"author":[{"embeddable":true,"href":"https:\/\/lahora.mx\/index.php\/wp-json\/wp\/v2\/users\/4"}],"replies":[{"embeddable":true,"href":"https:\/\/lahora.mx\/index.php\/wp-json\/wp\/v2\/comments?post=1117"}],"version-history":[{"count":1,"href":"https:\/\/lahora.mx\/index.php\/wp-json\/wp\/v2\/posts\/1117\/revisions"}],"predecessor-version":[{"id":1119,"href":"https:\/\/lahora.mx\/index.php\/wp-json\/wp\/v2\/posts\/1117\/revisions\/1119"}],"wp:featuredmedia":[{"embeddable":true,"href":"https:\/\/lahora.mx\/index.php\/wp-json\/wp\/v2\/media\/1118"}],"wp:attachment":[{"href":"https:\/\/lahora.mx\/index.php\/wp-json\/wp\/v2\/media?parent=1117"}],"wp:term":[{"taxonomy":"category","embeddable":true,"href":"https:\/\/lahora.mx\/index.php\/wp-json\/wp\/v2\/categories?post=1117"},{"taxonomy":"post_tag","embeddable":true,"href":"https:\/\/lahora.mx\/index.php\/wp-json\/wp\/v2\/tags?post=1117"}],"curies":[{"name":"wp","href":"https:\/\/api.w.org\/{rel}","templated":true}]}}