{"id":11166,"date":"2022-08-03T16:18:44","date_gmt":"2022-08-03T16:18:44","guid":{"rendered":"http:\/\/lahora.mx\/?p=11166"},"modified":"2022-08-03T16:18:45","modified_gmt":"2022-08-03T16:18:45","slug":"terminan-rehabilitacion-de-la-16-de-septiembre","status":"publish","type":"post","link":"https:\/\/lahora.mx\/index.php\/2022\/08\/03\/terminan-rehabilitacion-de-la-16-de-septiembre\/","title":{"rendered":"Terminan rehabilitaci\u00f3n de la 16 de Septiembre"},"content":{"rendered":"\n<p>El presidente municipal de Puebla, Eduardo Rivera P\u00e9rez, realiz\u00f3 la entrega de la obra de rehabilitaci\u00f3n de la avenida 16 de Septiembre, la cual tuvo una inversi\u00f3n de 50 millones de pesos y con la que se beneficiar\u00e1n 80 mil personas.<\/p>\n\n\n\n<p>En su intervenci\u00f3n, el edil panista explic\u00f3 que la obra abarc\u00f3 m\u00e1s de 64 mil metros cuadrados de concreto asf\u00e1ltico (100 Calles), se mejoraron 79.9 metros de pasos peatonales, adem\u00e1s de arreglar las banquetas, guarniciones, colocaci\u00f3n de bolardos, as\u00ed como plantar 100 \u00e1rboles.<\/p>\n\n\n\n<p><br>\u00abPasan cientos de unidades todos los d\u00edas de transporte p\u00fablico, pasan miles de veh\u00edculos todos los d\u00edas, es una vialidad de gran acceso en el Sur de la ciudad, y estaba en p\u00e9simas condiciones y hoy la tenemos en verdad bonita\u00bb, dijo.<\/p>\n\n\n\n<p>Rivera P\u00e9rez coment\u00f3 que el proyecto beneficiar\u00e1 a miles de veh\u00edculos que transitan por la 16 de septiembre, as\u00ed como a m\u00e1s de 80 mil personas de las ocho colonias que cruza esta vialidad como: Loma Encantada, Granjas de Puebla, Fuentes de San Bartolo, Los Cerezos, Guadalupe Segunda Secci\u00f3n, Art\u00edculo 4, SNTE y Ampliaci\u00f3n Arboledas de Loma Bella.<\/p>\n\n\n\n<p>Apunt\u00f3 que cada ingreso que entra a las arcas municipales se traduce en beneficio y en obras, pues el objetivo es que las y los ciudadanos tengan una ciudad con mejores servicios.<\/p>\n","protected":false},"excerpt":{"rendered":"<p>El presidente municipal de Puebla, Eduardo Rivera P\u00e9rez, realiz\u00f3 la entrega de la obra de rehabilitaci\u00f3n de la avenida 16 de Septiembre, la cual tuvo una inversi\u00f3n de 50 millones de pesos y con la que se beneficiar\u00e1n 80 mil personas. En su intervenci\u00f3n, el edil panista explic\u00f3 que la obra abarc\u00f3 m\u00e1s de 64 [&hellip;]<\/p>\n","protected":false},"author":4,"featured_media":11167,"comment_status":"open","ping_status":"open","sticky":false,"template":"","format":"standard","meta":{"om_disable_all_campaigns":false,"_monsterinsights_skip_tracking":false,"_monsterinsights_sitenote_active":false,"_monsterinsights_sitenote_note":"","_monsterinsights_sitenote_category":0,"footnotes":""},"categories":[175],"tags":[195,223],"class_list":["post-11166","post","type-post","status-publish","format-standard","has-post-thumbnail","hentry","category-local","tag-principal","tag-puebla"],"amp_enabled":true,"_links":{"self":[{"href":"https:\/\/lahora.mx\/index.php\/wp-json\/wp\/v2\/posts\/11166","targetHints":{"allow":["GET"]}}],"collection":[{"href":"https:\/\/lahora.mx\/index.php\/wp-json\/wp\/v2\/posts"}],"about":[{"href":"https:\/\/lahora.mx\/index.php\/wp-json\/wp\/v2\/types\/post"}],"author":[{"embeddable":true,"href":"https:\/\/lahora.mx\/index.php\/wp-json\/wp\/v2\/users\/4"}],"replies":[{"embeddable":true,"href":"https:\/\/lahora.mx\/index.php\/wp-json\/wp\/v2\/comments?post=11166"}],"version-history":[{"count":1,"href":"https:\/\/lahora.mx\/index.php\/wp-json\/wp\/v2\/posts\/11166\/revisions"}],"predecessor-version":[{"id":11168,"href":"https:\/\/lahora.mx\/index.php\/wp-json\/wp\/v2\/posts\/11166\/revisions\/11168"}],"wp:featuredmedia":[{"embeddable":true,"href":"https:\/\/lahora.mx\/index.php\/wp-json\/wp\/v2\/media\/11167"}],"wp:attachment":[{"href":"https:\/\/lahora.mx\/index.php\/wp-json\/wp\/v2\/media?parent=11166"}],"wp:term":[{"taxonomy":"category","embeddable":true,"href":"https:\/\/lahora.mx\/index.php\/wp-json\/wp\/v2\/categories?post=11166"},{"taxonomy":"post_tag","embeddable":true,"href":"https:\/\/lahora.mx\/index.php\/wp-json\/wp\/v2\/tags?post=11166"}],"curies":[{"name":"wp","href":"https:\/\/api.w.org\/{rel}","templated":true}]}}