{"id":1114,"date":"2022-01-03T02:06:43","date_gmt":"2022-01-03T02:06:43","guid":{"rendered":"http:\/\/lahora.mx\/?p=1114"},"modified":"2022-01-03T02:06:43","modified_gmt":"2022-01-03T02:06:43","slug":"ine-persiste-revocacion-de-mandato-a-falta-de-recursos-cordova","status":"publish","type":"post","link":"https:\/\/lahora.mx\/index.php\/2022\/01\/03\/ine-persiste-revocacion-de-mandato-a-falta-de-recursos-cordova\/","title":{"rendered":"INE persiste revocaci\u00f3n de mandato a falta de recursos: Cordova"},"content":{"rendered":"<p>Lorenzo C\u00f3rdova consejero presidente del Instituto Nacional Federal afirm\u00f3 que seguir\u00e1n con las responsabilidades para la organizaci\u00f3n de la elecci\u00f3n de Revocaci\u00f3n de Mandato, en acatamiento a las resoluciones de la Corte y el Tribunal Electoral<br \/>\nEl funcionario detall\u00f3 que el costo de la organizaci\u00f3n del proceso es de 3 mil 800 millones de pesos, de los cuales s\u00f3lo han podido reunir mil 503 millones de pesos.<\/p>\n<p>Lorenzo C\u00f3rdova descalific\u00f3 la persecuci\u00f3n pol\u00edtica y penal que han vivido los consejeros tras la resoluci\u00f3n de detener el proceso de Revocaci\u00f3n de Mandato.<\/p>\n","protected":false},"excerpt":{"rendered":"<p>Lorenzo C\u00f3rdova consejero presidente del Instituto Nacional Federal afirm\u00f3 que seguir\u00e1n con las responsabilidades para la organizaci\u00f3n de la elecci\u00f3n de Revocaci\u00f3n de Mandato, en acatamiento a las resoluciones de la Corte y el Tribunal Electoral El funcionario detall\u00f3 que el costo de la organizaci\u00f3n del proceso es de 3 mil 800 millones de pesos, [&hellip;]<\/p>\n","protected":false},"author":4,"featured_media":1115,"comment_status":"open","ping_status":"open","sticky":false,"template":"","format":"standard","meta":{"om_disable_all_campaigns":false,"_monsterinsights_skip_tracking":false,"_monsterinsights_sitenote_active":false,"_monsterinsights_sitenote_note":"","_monsterinsights_sitenote_category":0,"footnotes":""},"categories":[176],"tags":[],"class_list":["post-1114","post","type-post","status-publish","format-standard","has-post-thumbnail","hentry","category-nacional"],"amp_enabled":true,"_links":{"self":[{"href":"https:\/\/lahora.mx\/index.php\/wp-json\/wp\/v2\/posts\/1114","targetHints":{"allow":["GET"]}}],"collection":[{"href":"https:\/\/lahora.mx\/index.php\/wp-json\/wp\/v2\/posts"}],"about":[{"href":"https:\/\/lahora.mx\/index.php\/wp-json\/wp\/v2\/types\/post"}],"author":[{"embeddable":true,"href":"https:\/\/lahora.mx\/index.php\/wp-json\/wp\/v2\/users\/4"}],"replies":[{"embeddable":true,"href":"https:\/\/lahora.mx\/index.php\/wp-json\/wp\/v2\/comments?post=1114"}],"version-history":[{"count":1,"href":"https:\/\/lahora.mx\/index.php\/wp-json\/wp\/v2\/posts\/1114\/revisions"}],"predecessor-version":[{"id":1116,"href":"https:\/\/lahora.mx\/index.php\/wp-json\/wp\/v2\/posts\/1114\/revisions\/1116"}],"wp:featuredmedia":[{"embeddable":true,"href":"https:\/\/lahora.mx\/index.php\/wp-json\/wp\/v2\/media\/1115"}],"wp:attachment":[{"href":"https:\/\/lahora.mx\/index.php\/wp-json\/wp\/v2\/media?parent=1114"}],"wp:term":[{"taxonomy":"category","embeddable":true,"href":"https:\/\/lahora.mx\/index.php\/wp-json\/wp\/v2\/categories?post=1114"},{"taxonomy":"post_tag","embeddable":true,"href":"https:\/\/lahora.mx\/index.php\/wp-json\/wp\/v2\/tags?post=1114"}],"curies":[{"name":"wp","href":"https:\/\/api.w.org\/{rel}","templated":true}]}}