{"id":11139,"date":"2022-08-02T23:27:01","date_gmt":"2022-08-02T23:27:01","guid":{"rendered":"http:\/\/lahora.mx\/?p=11139"},"modified":"2022-08-02T23:27:02","modified_gmt":"2022-08-02T23:27:02","slug":"muere-hermano-de-exgobernador-de-veracruz-al-chocar-de-frente-con-trailer","status":"publish","type":"post","link":"https:\/\/lahora.mx\/index.php\/2022\/08\/02\/muere-hermano-de-exgobernador-de-veracruz-al-chocar-de-frente-con-trailer\/","title":{"rendered":"Muere hermano de exgobernador de Veracruz al chocar de frente con tr\u00e1iler"},"content":{"rendered":"\n<p>Jorge Luis Herrera Beltr\u00e1n, hermano del exgobernador de Veracruz Fidel Herrera Beltr\u00e1n, muri\u00f3 este martes tras sufrir un accidente en el kil\u00f3metro 83 de la autopista Amozoc \u2013 Perote, a causa de un traumatismo craneoencef\u00e1lico severo, debido a que choc\u00f3 de manera frontal con un tr\u00e1iler.<\/p>\n\n\n\n<p>Al lugar del accidente acudi\u00f3 la Brigada de Auxilio y Salvamento A.C. (Briasa) quien identific\u00f3 a Jorge Herrera junto con dos acompa\u00f1antes en un autom\u00f3vil Nissan blanco que se encontraba chocado, el hombre de al menos 65 a\u00f1os ten\u00eda una fuerte lesi\u00f3n en la cabeza, pues \u00e9l recibi\u00f3 el impacto.<\/p>\n\n\n\n<p>Los otros dos j\u00f3venes ten\u00edan lesiones menores que no requirieron de hospitalizaci\u00f3n, por lo cual la ambulancia traslad\u00f3 al hermano del exgobernador al Hospital General de la Ciudad de Libres, en d\u00f3nde le diagnosticaron traumatismo craneoencef\u00e1lico severo y traumatismo en el t\u00f3rax con perforaci\u00f3n de pulm\u00f3n.<\/p>\n\n\n\n<p>Los m\u00e9dicos intentaron frenar el sangrado, pero no fue posible, por lo que alrededor de las once de la ma\u00f1ana de este martes lo declararon muerto.<\/p>\n\n\n\n<p>De acuerdo con los j\u00f3venes que acompa\u00f1aban a Jorge Herrera, el hombre decidi\u00f3 manejar un momento antes, al asegurar que conoc\u00eda una ruta m\u00e1s corta para llegar a la ciudad de Xalapa, por lo que le cambi\u00f3 el volante a uno de ellos y emprendi\u00f3 el camino.<\/p>\n\n\n\n<p>Al llegar al kil\u00f3metro 83 de la autopista Amozoc \u2013 Perote un tr\u00e1iler con remolque que conduc\u00eda enfrente de \u00e9l perdi\u00f3 el control de la unidad ocasionando que la caja golpear\u00e1 el autom\u00f3vil en el que viajaban, de tal manera que el conductor recibi\u00f3 el mayor impacto.<\/p>\n\n\n\n<p>Al llegar la brigada Briasa detect\u00f3 que el conductor se encontraba semi \u2013 inconsciente por lo que le dieron los primeros auxilios y lo llevaron al Hospital de Libres.<\/p>\n","protected":false},"excerpt":{"rendered":"<p>Jorge Luis Herrera Beltr\u00e1n, hermano del exgobernador de Veracruz Fidel Herrera Beltr\u00e1n, muri\u00f3 este martes tras sufrir un accidente en el kil\u00f3metro 83 de la autopista Amozoc \u2013 Perote, a causa de un traumatismo craneoencef\u00e1lico severo, debido a que choc\u00f3 de manera frontal con un tr\u00e1iler. Al lugar del accidente acudi\u00f3 la Brigada de Auxilio [&hellip;]<\/p>\n","protected":false},"author":4,"featured_media":11140,"comment_status":"open","ping_status":"open","sticky":false,"template":"","format":"standard","meta":{"om_disable_all_campaigns":false,"_monsterinsights_skip_tracking":false,"_monsterinsights_sitenote_active":false,"_monsterinsights_sitenote_note":"","_monsterinsights_sitenote_category":0,"footnotes":""},"categories":[176],"tags":[],"class_list":["post-11139","post","type-post","status-publish","format-standard","has-post-thumbnail","hentry","category-nacional"],"amp_enabled":true,"_links":{"self":[{"href":"https:\/\/lahora.mx\/index.php\/wp-json\/wp\/v2\/posts\/11139","targetHints":{"allow":["GET"]}}],"collection":[{"href":"https:\/\/lahora.mx\/index.php\/wp-json\/wp\/v2\/posts"}],"about":[{"href":"https:\/\/lahora.mx\/index.php\/wp-json\/wp\/v2\/types\/post"}],"author":[{"embeddable":true,"href":"https:\/\/lahora.mx\/index.php\/wp-json\/wp\/v2\/users\/4"}],"replies":[{"embeddable":true,"href":"https:\/\/lahora.mx\/index.php\/wp-json\/wp\/v2\/comments?post=11139"}],"version-history":[{"count":1,"href":"https:\/\/lahora.mx\/index.php\/wp-json\/wp\/v2\/posts\/11139\/revisions"}],"predecessor-version":[{"id":11141,"href":"https:\/\/lahora.mx\/index.php\/wp-json\/wp\/v2\/posts\/11139\/revisions\/11141"}],"wp:featuredmedia":[{"embeddable":true,"href":"https:\/\/lahora.mx\/index.php\/wp-json\/wp\/v2\/media\/11140"}],"wp:attachment":[{"href":"https:\/\/lahora.mx\/index.php\/wp-json\/wp\/v2\/media?parent=11139"}],"wp:term":[{"taxonomy":"category","embeddable":true,"href":"https:\/\/lahora.mx\/index.php\/wp-json\/wp\/v2\/categories?post=11139"},{"taxonomy":"post_tag","embeddable":true,"href":"https:\/\/lahora.mx\/index.php\/wp-json\/wp\/v2\/tags?post=11139"}],"curies":[{"name":"wp","href":"https:\/\/api.w.org\/{rel}","templated":true}]}}