{"id":11129,"date":"2022-08-02T19:29:23","date_gmt":"2022-08-02T19:29:23","guid":{"rendered":"http:\/\/lahora.mx\/?p=11129"},"modified":"2022-08-02T19:29:24","modified_gmt":"2022-08-02T19:29:24","slug":"no-tengo-la-tentacion-de-dejar-sucesor-mbh","status":"publish","type":"post","link":"https:\/\/lahora.mx\/index.php\/2022\/08\/02\/no-tengo-la-tentacion-de-dejar-sucesor-mbh\/","title":{"rendered":"\u201cNo tengo la tentaci\u00f3n de dejar sucesor\u201d: MBH"},"content":{"rendered":"\n<p>El gobernador de Puebla, Miguel Barbosa Huerta, descart\u00f3 tener la tentaci\u00f3n de dejar sucesor o sucesora; dijo que su administraci\u00f3n tiene fecha de caducidad y que se olvidar\u00e1 de la pol\u00edtica estatal al concluir su encargo.<\/p>\n\n\n\n<p>En entrevista con el periodista Arturo Luna Silva en N+ Puebla, enfatiz\u00f3 \u2013al cumplirse tres a\u00f1os de gobierno\u2013 que el poder es transitorio: s\u00f3lo gobierna el mandatario en turno y que no ser\u00e1 el tipo de exgobernador con grupo pol\u00edtico activo.<\/p>\n\n\n\n<p>\u201cGane el partido que gane, yo estar\u00e9 fuera de la pol\u00edtica de mi estado\u201d.<\/p>\n\n\n\n<p>Asegur\u00f3 que su \u00fanica intenci\u00f3n es consolidar las transformaciones para evitar que se caiga en abusos del pasado.<\/p>\n\n\n\n<p>No aplic\u00f3 el m\u00e9todo de las \u201ccorcholatas\u201d \u2013nombrar posibles sucesores-; sino que convoc\u00f3 a que aquellos con aspiraciones las expresaran en el marco de la legalidad, indic\u00f3.<\/p>\n\n\n\n<p>Con la renovaci\u00f3n de su partido, Morena, habr\u00e1 acciones m\u00e1s claras y de mayor certeza, consider\u00f3.<\/p>\n\n\n\n<p>Barbosa Huerta sostuvo que en Puebla no hay regiones dominadas por delincuentes, la fuerza del Estado es mayor a la de la delicuencia, que no hay impunidad y todo se investiga.<\/p>\n","protected":false},"excerpt":{"rendered":"<p>El gobernador de Puebla, Miguel Barbosa Huerta, descart\u00f3 tener la tentaci\u00f3n de dejar sucesor o sucesora; dijo que su administraci\u00f3n tiene fecha de caducidad y que se olvidar\u00e1 de la pol\u00edtica estatal al concluir su encargo. En entrevista con el periodista Arturo Luna Silva en N+ Puebla, enfatiz\u00f3 \u2013al cumplirse tres a\u00f1os de gobierno\u2013 que [&hellip;]<\/p>\n","protected":false},"author":4,"featured_media":11130,"comment_status":"open","ping_status":"open","sticky":false,"template":"","format":"standard","meta":{"om_disable_all_campaigns":false,"_monsterinsights_skip_tracking":false,"_monsterinsights_sitenote_active":false,"_monsterinsights_sitenote_note":"","_monsterinsights_sitenote_category":0,"footnotes":""},"categories":[175],"tags":[223],"class_list":["post-11129","post","type-post","status-publish","format-standard","has-post-thumbnail","hentry","category-local","tag-puebla"],"amp_enabled":true,"_links":{"self":[{"href":"https:\/\/lahora.mx\/index.php\/wp-json\/wp\/v2\/posts\/11129","targetHints":{"allow":["GET"]}}],"collection":[{"href":"https:\/\/lahora.mx\/index.php\/wp-json\/wp\/v2\/posts"}],"about":[{"href":"https:\/\/lahora.mx\/index.php\/wp-json\/wp\/v2\/types\/post"}],"author":[{"embeddable":true,"href":"https:\/\/lahora.mx\/index.php\/wp-json\/wp\/v2\/users\/4"}],"replies":[{"embeddable":true,"href":"https:\/\/lahora.mx\/index.php\/wp-json\/wp\/v2\/comments?post=11129"}],"version-history":[{"count":1,"href":"https:\/\/lahora.mx\/index.php\/wp-json\/wp\/v2\/posts\/11129\/revisions"}],"predecessor-version":[{"id":11131,"href":"https:\/\/lahora.mx\/index.php\/wp-json\/wp\/v2\/posts\/11129\/revisions\/11131"}],"wp:featuredmedia":[{"embeddable":true,"href":"https:\/\/lahora.mx\/index.php\/wp-json\/wp\/v2\/media\/11130"}],"wp:attachment":[{"href":"https:\/\/lahora.mx\/index.php\/wp-json\/wp\/v2\/media?parent=11129"}],"wp:term":[{"taxonomy":"category","embeddable":true,"href":"https:\/\/lahora.mx\/index.php\/wp-json\/wp\/v2\/categories?post=11129"},{"taxonomy":"post_tag","embeddable":true,"href":"https:\/\/lahora.mx\/index.php\/wp-json\/wp\/v2\/tags?post=11129"}],"curies":[{"name":"wp","href":"https:\/\/api.w.org\/{rel}","templated":true}]}}