{"id":11126,"date":"2022-08-02T19:15:16","date_gmt":"2022-08-02T19:15:16","guid":{"rendered":"http:\/\/lahora.mx\/?p=11126"},"modified":"2022-08-02T19:15:17","modified_gmt":"2022-08-02T19:15:17","slug":"precaucion-al-conducir-pide-barbosa-a-conductores-y-choferes-de-transporte-publico","status":"publish","type":"post","link":"https:\/\/lahora.mx\/index.php\/2022\/08\/02\/precaucion-al-conducir-pide-barbosa-a-conductores-y-choferes-de-transporte-publico\/","title":{"rendered":"Precauci\u00f3n al conducir, pide Barbosa  a conductores y choferes de transporte p\u00fablico"},"content":{"rendered":"\n<p>El mandatario estatal Miguel Barbosa Huerta pidi\u00f3 a conductores tanto del transporte p\u00fablico como particulares conducir con mayor precauci\u00f3n, ya que as\u00ed se pueden evitar muchos percances en donde se puedan lamentar la p\u00e9rida de personas.<\/p>\n\n\n\n<p>Lo anterior, luego de los accidentes que se han registrado en \u00faltimas fechas, principalmente el del pasado viernes, donde una colisi\u00f3n entre Ruta Azteca y un autom\u00f3vil cobr\u00f3 la vida de una menor de tres a\u00f1os y su padre.<\/p>\n\n\n\n<p>En el caso de los conductores de transporte p\u00fablico, indic\u00f3 que cuando se ven inmiscu\u00eddos en este tipo de accidentes se procede a la cancelaci\u00f3n de concesi\u00f3n y esto se agrava cuando se comprueba que el chofer lo hab\u00eda bajo el influjo del alcohol o drogas.<\/p>\n\n\n\n<p>Sobre los particulares, exhort\u00f3 a los conductores a hacerlo con responsabilidad y m\u00e1s cuando llevan a ni\u00f1os, \u00ab\u2026 se debe crear una conciencia c\u00edvica, se podr\u00edan evitar muchos accidentes si hubiera cuidado y precauci\u00f3n, tanto de choferes de transporte p\u00fablico como particulares\u00bb, dijo.<\/p>\n","protected":false},"excerpt":{"rendered":"<p>El mandatario estatal Miguel Barbosa Huerta pidi\u00f3 a conductores tanto del transporte p\u00fablico como particulares conducir con mayor precauci\u00f3n, ya que as\u00ed se pueden evitar muchos percances en donde se puedan lamentar la p\u00e9rida de personas. Lo anterior, luego de los accidentes que se han registrado en \u00faltimas fechas, principalmente el del pasado viernes, donde [&hellip;]<\/p>\n","protected":false},"author":4,"featured_media":11127,"comment_status":"open","ping_status":"open","sticky":false,"template":"","format":"standard","meta":{"om_disable_all_campaigns":false,"_monsterinsights_skip_tracking":false,"_monsterinsights_sitenote_active":false,"_monsterinsights_sitenote_note":"","_monsterinsights_sitenote_category":0,"footnotes":""},"categories":[175],"tags":[223],"class_list":["post-11126","post","type-post","status-publish","format-standard","has-post-thumbnail","hentry","category-local","tag-puebla"],"amp_enabled":true,"_links":{"self":[{"href":"https:\/\/lahora.mx\/index.php\/wp-json\/wp\/v2\/posts\/11126","targetHints":{"allow":["GET"]}}],"collection":[{"href":"https:\/\/lahora.mx\/index.php\/wp-json\/wp\/v2\/posts"}],"about":[{"href":"https:\/\/lahora.mx\/index.php\/wp-json\/wp\/v2\/types\/post"}],"author":[{"embeddable":true,"href":"https:\/\/lahora.mx\/index.php\/wp-json\/wp\/v2\/users\/4"}],"replies":[{"embeddable":true,"href":"https:\/\/lahora.mx\/index.php\/wp-json\/wp\/v2\/comments?post=11126"}],"version-history":[{"count":1,"href":"https:\/\/lahora.mx\/index.php\/wp-json\/wp\/v2\/posts\/11126\/revisions"}],"predecessor-version":[{"id":11128,"href":"https:\/\/lahora.mx\/index.php\/wp-json\/wp\/v2\/posts\/11126\/revisions\/11128"}],"wp:featuredmedia":[{"embeddable":true,"href":"https:\/\/lahora.mx\/index.php\/wp-json\/wp\/v2\/media\/11127"}],"wp:attachment":[{"href":"https:\/\/lahora.mx\/index.php\/wp-json\/wp\/v2\/media?parent=11126"}],"wp:term":[{"taxonomy":"category","embeddable":true,"href":"https:\/\/lahora.mx\/index.php\/wp-json\/wp\/v2\/categories?post=11126"},{"taxonomy":"post_tag","embeddable":true,"href":"https:\/\/lahora.mx\/index.php\/wp-json\/wp\/v2\/tags?post=11126"}],"curies":[{"name":"wp","href":"https:\/\/api.w.org\/{rel}","templated":true}]}}