{"id":10973,"date":"2022-07-31T01:06:55","date_gmt":"2022-07-31T01:06:55","guid":{"rendered":"http:\/\/lahora.mx\/?p=10973"},"modified":"2022-07-31T01:06:56","modified_gmt":"2022-07-31T01:06:56","slug":"ayuntamiento-de-puebla-invita-al-festin-poblano-este-30-y-31-de-julio","status":"publish","type":"post","link":"https:\/\/lahora.mx\/index.php\/2022\/07\/31\/ayuntamiento-de-puebla-invita-al-festin-poblano-este-30-y-31-de-julio\/","title":{"rendered":"Ayuntamiento de Puebla invita al Fest\u00edn Poblano este 30 y 31 de Julio"},"content":{"rendered":"\n<p>Desde las 10 de la ma\u00f1ana y hasta las 8 de la noche de este s\u00e1bado y domingo, la edici\u00f3n Verano 2022 del Fest\u00edn Poblano ha llegado y Eduardo Rivera P\u00e9rez, Presidente Municipal, invit\u00f3 a los poblanos a recorrer los 38 stands de artesan\u00edas, comida y diversos productos que se exponen en el Paseo Bravo.<\/p>\n\n\n\n<p>Artesanos, productores y comerciantes de los municipios de Cuetzalan, Calpan, San Nicol\u00e1s de los Ranchos y Tepeyacualco fueron los invitados especiales de esta edici\u00f3n, a la que tambi\u00e9n se sumaron expositores de las Juntas Auxiliares de Santa Mar\u00eda Xonacatepec y San Jer\u00f3nimo Caleras.<\/p>\n\n\n\n<p>Durante su recorrido Rivera P\u00e9rez prob\u00f3 una botana hecha con camote, para su sorpresa mientras lo atend\u00edan le contaron que \u00abMi Nicho Saludable\u00bb es un proyecto que se present\u00f3 en \u00abJ\u00f3venes Talento\u00bb, y gracias al impulso del Gobierno Municipal cumplieron el sue\u00f1o de hacer realidad su empresa, y ahora fueron invitados a participar en el Fest\u00edn Poblano.<\/p>\n\n\n\n<p>El Alcalde tambi\u00e9n pudo disfrutar de la interpretaci\u00f3n del violinista Alan Romero y del Quinteto de Alientos del Instituto Municipal de Arte y Cultura, que amenizaban el ambiente y deleitaban el o\u00eddo de visitantes, cabe destacar que como estas expresiones art\u00edsticas habr\u00e1 varias a lo largo de los dos d\u00edas del Fest\u00edn.<\/p>\n\n\n\n<p>Tambi\u00e9n hay presentaciones teatrales y el cambalache de libros con t\u00edtulos para todos los gustos, desde historias infantiles hasta de ciencia ficci\u00f3n, romance, \u00e9pica e incluso textos cient\u00edficos.<\/p>\n\n\n\n<p>Por \u00faltimo, el edil invit\u00f3 a las y los visitantes a disfrutar de la segunda edici\u00f3n del \u00abFestival Itinerante de Chile en Nogada\u00bb tra\u00eddo por la Sociedad Corporativa \u00abSabores de Calpan\u00bb y, de est\u00e1 manera, degustar este tradicional platillo elaborado por productores de la regi\u00f3n Itza-Popo, que ahora incluyeron un helado inspirado en este platillo.<\/p>\n\n\n\n<p>Acompa\u00f1aron al alcalde en este recorrido Carolina Morales Garc\u00eda, Directora del Sistema Municipal DIF y los directores Fabi\u00e1n Valdivia P\u00e9rez del Instituto Municipal de Arte y Cultura, y Carlos Huerta Ram\u00edrez de Turismo Municipal, as\u00ed como miembros de su staff.<\/p>\n","protected":false},"excerpt":{"rendered":"<p>Desde las 10 de la ma\u00f1ana y hasta las 8 de la noche de este s\u00e1bado y domingo, la edici\u00f3n Verano 2022 del Fest\u00edn Poblano ha llegado y Eduardo Rivera P\u00e9rez, Presidente Municipal, invit\u00f3 a los poblanos a recorrer los 38 stands de artesan\u00edas, comida y diversos productos que se exponen en el Paseo Bravo. [&hellip;]<\/p>\n","protected":false},"author":4,"featured_media":10974,"comment_status":"open","ping_status":"open","sticky":false,"template":"","format":"standard","meta":{"om_disable_all_campaigns":false,"_monsterinsights_skip_tracking":false,"_monsterinsights_sitenote_active":false,"_monsterinsights_sitenote_note":"","_monsterinsights_sitenote_category":0,"footnotes":""},"categories":[175],"tags":[223],"class_list":["post-10973","post","type-post","status-publish","format-standard","has-post-thumbnail","hentry","category-local","tag-puebla"],"amp_enabled":true,"_links":{"self":[{"href":"https:\/\/lahora.mx\/index.php\/wp-json\/wp\/v2\/posts\/10973","targetHints":{"allow":["GET"]}}],"collection":[{"href":"https:\/\/lahora.mx\/index.php\/wp-json\/wp\/v2\/posts"}],"about":[{"href":"https:\/\/lahora.mx\/index.php\/wp-json\/wp\/v2\/types\/post"}],"author":[{"embeddable":true,"href":"https:\/\/lahora.mx\/index.php\/wp-json\/wp\/v2\/users\/4"}],"replies":[{"embeddable":true,"href":"https:\/\/lahora.mx\/index.php\/wp-json\/wp\/v2\/comments?post=10973"}],"version-history":[{"count":1,"href":"https:\/\/lahora.mx\/index.php\/wp-json\/wp\/v2\/posts\/10973\/revisions"}],"predecessor-version":[{"id":10975,"href":"https:\/\/lahora.mx\/index.php\/wp-json\/wp\/v2\/posts\/10973\/revisions\/10975"}],"wp:featuredmedia":[{"embeddable":true,"href":"https:\/\/lahora.mx\/index.php\/wp-json\/wp\/v2\/media\/10974"}],"wp:attachment":[{"href":"https:\/\/lahora.mx\/index.php\/wp-json\/wp\/v2\/media?parent=10973"}],"wp:term":[{"taxonomy":"category","embeddable":true,"href":"https:\/\/lahora.mx\/index.php\/wp-json\/wp\/v2\/categories?post=10973"},{"taxonomy":"post_tag","embeddable":true,"href":"https:\/\/lahora.mx\/index.php\/wp-json\/wp\/v2\/tags?post=10973"}],"curies":[{"name":"wp","href":"https:\/\/api.w.org\/{rel}","templated":true}]}}