{"id":10950,"date":"2022-07-30T16:15:07","date_gmt":"2022-07-30T16:15:07","guid":{"rendered":"http:\/\/lahora.mx\/?p=10950"},"modified":"2022-07-30T16:15:08","modified_gmt":"2022-07-30T16:15:08","slug":"mas-de-23-mil-nuevos-contagios-de-covid-son-reportados-en-mexico","status":"publish","type":"post","link":"https:\/\/lahora.mx\/index.php\/2022\/07\/30\/mas-de-23-mil-nuevos-contagios-de-covid-son-reportados-en-mexico\/","title":{"rendered":"M\u00e1s de 23 mil nuevos contagios de covid son reportados en M\u00e9xico"},"content":{"rendered":"\n<p>La Secretar\u00eda de Salud dio a conocer, por medio de su informe t\u00e9cnico, que en M\u00e9xico los casos positivos de covid-19 ascendieron a 6,735,095, sumando 23,248 nuevos contagios.<\/p>\n\n\n\n<p>En su reporte diario, tambi\u00e9n publicado en su sitio web, se dio a conocer que las muertes relacionadas al covid-19 en la Rep\u00fablica llegaron a 327,604.<br>En las \u00faltimas 24 horas se reportaron 79 fallecimientos relacionados al covid-19.<br>La misma secretar\u00eda inform\u00f3 que son 191,971 casos activos estimados.<\/p>\n\n\n\n<p>Tambi\u00e9n se\u00f1al\u00f3 que los casos positivos estimados ser\u00edan 7,046,436; mientras que los recuperados llegaron a 5,840,503.<\/p>\n","protected":false},"excerpt":{"rendered":"<p>La Secretar\u00eda de Salud dio a conocer, por medio de su informe t\u00e9cnico, que en M\u00e9xico los casos positivos de covid-19 ascendieron a 6,735,095, sumando 23,248 nuevos contagios. En su reporte diario, tambi\u00e9n publicado en su sitio web, se dio a conocer que las muertes relacionadas al covid-19 en la Rep\u00fablica llegaron a 327,604.En las [&hellip;]<\/p>\n","protected":false},"author":4,"featured_media":10951,"comment_status":"open","ping_status":"open","sticky":false,"template":"","format":"standard","meta":{"om_disable_all_campaigns":false,"_monsterinsights_skip_tracking":false,"_monsterinsights_sitenote_active":false,"_monsterinsights_sitenote_note":"","_monsterinsights_sitenote_category":0,"footnotes":""},"categories":[176],"tags":[195],"class_list":["post-10950","post","type-post","status-publish","format-standard","has-post-thumbnail","hentry","category-nacional","tag-principal"],"amp_enabled":true,"_links":{"self":[{"href":"https:\/\/lahora.mx\/index.php\/wp-json\/wp\/v2\/posts\/10950","targetHints":{"allow":["GET"]}}],"collection":[{"href":"https:\/\/lahora.mx\/index.php\/wp-json\/wp\/v2\/posts"}],"about":[{"href":"https:\/\/lahora.mx\/index.php\/wp-json\/wp\/v2\/types\/post"}],"author":[{"embeddable":true,"href":"https:\/\/lahora.mx\/index.php\/wp-json\/wp\/v2\/users\/4"}],"replies":[{"embeddable":true,"href":"https:\/\/lahora.mx\/index.php\/wp-json\/wp\/v2\/comments?post=10950"}],"version-history":[{"count":1,"href":"https:\/\/lahora.mx\/index.php\/wp-json\/wp\/v2\/posts\/10950\/revisions"}],"predecessor-version":[{"id":10952,"href":"https:\/\/lahora.mx\/index.php\/wp-json\/wp\/v2\/posts\/10950\/revisions\/10952"}],"wp:featuredmedia":[{"embeddable":true,"href":"https:\/\/lahora.mx\/index.php\/wp-json\/wp\/v2\/media\/10951"}],"wp:attachment":[{"href":"https:\/\/lahora.mx\/index.php\/wp-json\/wp\/v2\/media?parent=10950"}],"wp:term":[{"taxonomy":"category","embeddable":true,"href":"https:\/\/lahora.mx\/index.php\/wp-json\/wp\/v2\/categories?post=10950"},{"taxonomy":"post_tag","embeddable":true,"href":"https:\/\/lahora.mx\/index.php\/wp-json\/wp\/v2\/tags?post=10950"}],"curies":[{"name":"wp","href":"https:\/\/api.w.org\/{rel}","templated":true}]}}