{"id":10947,"date":"2022-07-30T16:03:58","date_gmt":"2022-07-30T16:03:58","guid":{"rendered":"http:\/\/lahora.mx\/?p=10947"},"modified":"2022-07-30T16:03:59","modified_gmt":"2022-07-30T16:03:59","slug":"se-admite-solicitud-de-estados-unidos-sobre-derechos-laborales-en-planta-de-vu-manufacturing-por-la-secretaria-de-economia","status":"publish","type":"post","link":"https:\/\/lahora.mx\/index.php\/2022\/07\/30\/se-admite-solicitud-de-estados-unidos-sobre-derechos-laborales-en-planta-de-vu-manufacturing-por-la-secretaria-de-economia\/","title":{"rendered":"Se admite solicitud de Estados Unidos sobre derechos laborales en planta de VU Manufacturing por la Secretar\u00eda de Econom\u00eda"},"content":{"rendered":"\n<p>M\u00e9xico dijo el viernes que admiti\u00f3 la solicitud de Estados Unidos para determinar si se violaron derechos de trabajadores de la planta estadounidense VU Manufacturing en el estado mexicano Coahuila.<\/p>\n\n\n\n<p>La denuncia, la quinta relacionada con derechos laborales en M\u00e9xico en el marco del acuerdo comercial de Norteam\u00e9rica, T-MEC, fue presentada la semana pasada por el gobierno del presidente Joe Biden.<\/p>\n\n\n\n<p>La Secretar\u00eda de Econom\u00eda de M\u00e9xico dijo en un comunicado que junto con la Secretar\u00eda del Trabajo y otros involucrados \u00abrevisar\u00e1n el caso para determinar si existe o no una denegaci\u00f3n a los derechos laborales\u00bb.<br>La solicitud para investigar la f\u00e1brica de VU Manufacturing, con sede en Michigan, se produjo despu\u00e9s de que activistas alegaran que la empresa interfiri\u00f3 en la capacidad de los trabajadores para elegir su sindicato, seg\u00fan el Departamento de Trabajo de Estados Unidos.<\/p>\n\n\n\n<p>Tambi\u00e9n mostr\u00f3 preocupaci\u00f3n de que al menos desde junio los empleados de la planta, que produce piezas para interiores de autom\u00f3viles, como apoyabrazos y tapicer\u00eda de puertas para varias marcas, no han podido respaldar a un nuevo sindicato, la Liga Sindical Obrera Mexicana.<br>M\u00e9xico ten\u00eda 10 d\u00edas para determinar si aceptaba la solicitud de Estados Unidos.<\/p>\n","protected":false},"excerpt":{"rendered":"<p>M\u00e9xico dijo el viernes que admiti\u00f3 la solicitud de Estados Unidos para determinar si se violaron derechos de trabajadores de la planta estadounidense VU Manufacturing en el estado mexicano Coahuila. La denuncia, la quinta relacionada con derechos laborales en M\u00e9xico en el marco del acuerdo comercial de Norteam\u00e9rica, T-MEC, fue presentada la semana pasada por [&hellip;]<\/p>\n","protected":false},"author":4,"featured_media":10948,"comment_status":"open","ping_status":"open","sticky":false,"template":"","format":"standard","meta":{"om_disable_all_campaigns":false,"_monsterinsights_skip_tracking":false,"_monsterinsights_sitenote_active":false,"_monsterinsights_sitenote_note":"","_monsterinsights_sitenote_category":0,"footnotes":""},"categories":[176],"tags":[195],"class_list":["post-10947","post","type-post","status-publish","format-standard","has-post-thumbnail","hentry","category-nacional","tag-principal"],"amp_enabled":true,"_links":{"self":[{"href":"https:\/\/lahora.mx\/index.php\/wp-json\/wp\/v2\/posts\/10947","targetHints":{"allow":["GET"]}}],"collection":[{"href":"https:\/\/lahora.mx\/index.php\/wp-json\/wp\/v2\/posts"}],"about":[{"href":"https:\/\/lahora.mx\/index.php\/wp-json\/wp\/v2\/types\/post"}],"author":[{"embeddable":true,"href":"https:\/\/lahora.mx\/index.php\/wp-json\/wp\/v2\/users\/4"}],"replies":[{"embeddable":true,"href":"https:\/\/lahora.mx\/index.php\/wp-json\/wp\/v2\/comments?post=10947"}],"version-history":[{"count":1,"href":"https:\/\/lahora.mx\/index.php\/wp-json\/wp\/v2\/posts\/10947\/revisions"}],"predecessor-version":[{"id":10949,"href":"https:\/\/lahora.mx\/index.php\/wp-json\/wp\/v2\/posts\/10947\/revisions\/10949"}],"wp:featuredmedia":[{"embeddable":true,"href":"https:\/\/lahora.mx\/index.php\/wp-json\/wp\/v2\/media\/10948"}],"wp:attachment":[{"href":"https:\/\/lahora.mx\/index.php\/wp-json\/wp\/v2\/media?parent=10947"}],"wp:term":[{"taxonomy":"category","embeddable":true,"href":"https:\/\/lahora.mx\/index.php\/wp-json\/wp\/v2\/categories?post=10947"},{"taxonomy":"post_tag","embeddable":true,"href":"https:\/\/lahora.mx\/index.php\/wp-json\/wp\/v2\/tags?post=10947"}],"curies":[{"name":"wp","href":"https:\/\/api.w.org\/{rel}","templated":true}]}}