{"id":10928,"date":"2022-07-29T15:00:19","date_gmt":"2022-07-29T15:00:19","guid":{"rendered":"http:\/\/lahora.mx\/?p=10928"},"modified":"2022-07-29T15:00:20","modified_gmt":"2022-07-29T15:00:20","slug":"crece-1-0-pib-en-el-segundo-trimestre-inegi","status":"publish","type":"post","link":"https:\/\/lahora.mx\/index.php\/2022\/07\/29\/crece-1-0-pib-en-el-segundo-trimestre-inegi\/","title":{"rendered":"Crece 1.0% PIB en el segundo trimestre: Inegi"},"content":{"rendered":"\n<p>El Producto Interno Bruto (PIB) repiti\u00f3 crecimiento en el segundo trimestre del a\u00f1o. De acuerdo con la estimaci\u00f3n oportuna del Instituto de Estad\u00edstica y Geograf\u00eda (Inegi), la actividad econ\u00f3mica mostr\u00f3 un crecimiento de 1.0% en el periodo.<\/p>\n\n\n\n<p>Con ello, el PIB repiti\u00f3 el crecimiento trimestral que se report\u00f3 en el primer trimestre del a\u00f1o, de 1.0 por ciento.<\/p>\n\n\n\n<p>De esta manera, la econom\u00eda mexicana, que contin\u00faa en un proceso de recuperaci\u00f3n luego de la crisis econ\u00f3mica causada por el Covid-19, hil\u00f3 tres trimestres de crecimiento.<\/p>\n\n\n\n<p>El resultado estuvo en l\u00ednea con lo esperado por el mercado, que proyectaba una tasa entre 0.8 y 1.0% para el periodo, ante los datos previamente publicados de otros indicadores.<\/p>\n\n\n\n<p>No obstante, para la segunda mitad del a\u00f1o el crecimiento podr\u00eda perder impulso ante las se\u00f1ales de una recesi\u00f3n en Estados Unidos, principal socio comercial de M\u00e9xico, y qui\u00e9n ya registr\u00f3 dos trimestres consecutivos de contracciones y por lo que varios analistas, han se\u00f1alado que ha ca\u00eddo en una recesi\u00f3n t\u00e9cnica.<\/p>\n\n\n\n<p>En comparaci\u00f3n anual, en el segundo trimestre del a\u00f1o la econom\u00eda mexicana mostr\u00f3 un crecimiento de 1.9 por ciento.<\/p>\n\n\n\n<p>De acuerdo con la Secretar\u00eda de Hacienda y Cr\u00e9dito P\u00fablico (SHCP), el crecimiento econ\u00f3mico de M\u00e9xico ser\u00eda de 3.4% este a\u00f1o; sin embargo, varias instituciones han apuntado que el PIB mexicano crecer\u00e1 alrededor de una tasa de 2.0 por ciento.<\/p>\n\n\n\n<p>Fotograf\u00eda general<br>El informe del Inegi mostr\u00f3 que las tres actividades econ\u00f3micas presentaron un comportamiento similar, en su comparaci\u00f3n con el trimestre previo.<\/p>\n\n\n\n<p>El mayor crecimiento se dio en el sector terciario, en donde se engloba a los servicios y el cual fue el m\u00e1s afectado durante la pandemia del Covid-19. Esta actividad present\u00f3 una tasa trimestral de 1.0 por ciento.<\/p>\n\n\n\n<p>En tanto, tanto las actividades primarias \u2014que se refieren al sector agropecuario\u2014, c\u00f3mo las actividades secundarias \u2014en donde se engloban a las industrias\u2014 presentaron un crecimiento de 0.9% trimestral cada una.<\/p>\n","protected":false},"excerpt":{"rendered":"<p>El Producto Interno Bruto (PIB) repiti\u00f3 crecimiento en el segundo trimestre del a\u00f1o. De acuerdo con la estimaci\u00f3n oportuna del Instituto de Estad\u00edstica y Geograf\u00eda (Inegi), la actividad econ\u00f3mica mostr\u00f3 un crecimiento de 1.0% en el periodo. Con ello, el PIB repiti\u00f3 el crecimiento trimestral que se report\u00f3 en el primer trimestre del a\u00f1o, de [&hellip;]<\/p>\n","protected":false},"author":4,"featured_media":10929,"comment_status":"open","ping_status":"open","sticky":false,"template":"","format":"standard","meta":{"om_disable_all_campaigns":false,"_monsterinsights_skip_tracking":false,"_monsterinsights_sitenote_active":false,"_monsterinsights_sitenote_note":"","_monsterinsights_sitenote_category":0,"footnotes":""},"categories":[176],"tags":[],"class_list":["post-10928","post","type-post","status-publish","format-standard","has-post-thumbnail","hentry","category-nacional"],"amp_enabled":true,"_links":{"self":[{"href":"https:\/\/lahora.mx\/index.php\/wp-json\/wp\/v2\/posts\/10928","targetHints":{"allow":["GET"]}}],"collection":[{"href":"https:\/\/lahora.mx\/index.php\/wp-json\/wp\/v2\/posts"}],"about":[{"href":"https:\/\/lahora.mx\/index.php\/wp-json\/wp\/v2\/types\/post"}],"author":[{"embeddable":true,"href":"https:\/\/lahora.mx\/index.php\/wp-json\/wp\/v2\/users\/4"}],"replies":[{"embeddable":true,"href":"https:\/\/lahora.mx\/index.php\/wp-json\/wp\/v2\/comments?post=10928"}],"version-history":[{"count":1,"href":"https:\/\/lahora.mx\/index.php\/wp-json\/wp\/v2\/posts\/10928\/revisions"}],"predecessor-version":[{"id":10930,"href":"https:\/\/lahora.mx\/index.php\/wp-json\/wp\/v2\/posts\/10928\/revisions\/10930"}],"wp:featuredmedia":[{"embeddable":true,"href":"https:\/\/lahora.mx\/index.php\/wp-json\/wp\/v2\/media\/10929"}],"wp:attachment":[{"href":"https:\/\/lahora.mx\/index.php\/wp-json\/wp\/v2\/media?parent=10928"}],"wp:term":[{"taxonomy":"category","embeddable":true,"href":"https:\/\/lahora.mx\/index.php\/wp-json\/wp\/v2\/categories?post=10928"},{"taxonomy":"post_tag","embeddable":true,"href":"https:\/\/lahora.mx\/index.php\/wp-json\/wp\/v2\/tags?post=10928"}],"curies":[{"name":"wp","href":"https:\/\/api.w.org\/{rel}","templated":true}]}}