{"id":10925,"date":"2022-07-29T14:50:55","date_gmt":"2022-07-29T14:50:55","guid":{"rendered":"http:\/\/lahora.mx\/?p=10925"},"modified":"2022-07-29T14:50:55","modified_gmt":"2022-07-29T14:50:55","slug":"choque-de-ruta-azteca-en-puebla-deja-un-nino-muerto","status":"publish","type":"post","link":"https:\/\/lahora.mx\/index.php\/2022\/07\/29\/choque-de-ruta-azteca-en-puebla-deja-un-nino-muerto\/","title":{"rendered":"Choque de ruta Azteca en Puebla deja un ni\u00f1o muerto"},"content":{"rendered":"\n<p>Un menor de tan s\u00f3lo tres a\u00f1os de edad muri\u00f3 la ma\u00f1ana de este viernes durante un choque de una unidad de la ruta Azteca y un veh\u00edculo particular en la colonia Volcanes de la ciudad de Puebla, donde 12 personas tambi\u00e9n resultaron heridas, tres de ellas de gravedad.<\/p>\n\n\n\n<p>El fatal accidente ocurri\u00f3 cerca de las 7 de la ma\u00f1ana de este 29 de julio en el cruce de las avenidas 23 Poniente y 23 Sur de la referida colonia.<\/p>\n\n\n\n<p>Ah\u00ed colisionaron la unidad 48 de la ruta Azteca y un autom\u00f3vil tipo Chevy color gris. La dimensi\u00f3n del golpe ocasion\u00f3 que ambas unidades acabaran destrozadas e incluso el microb\u00fas de la referida l\u00ednea del transporte p\u00fablico volc\u00f3.<\/p>\n\n\n\n<p>Una persona de la unidad particular incluso qued\u00f3 prensada mientras otras resultaron heridas. Los menos golpeados lograron llamar al n\u00famero de emergencias 911 por lo que de inmediato rescatistas urbanos de Protecci\u00f3n Civil Municipal de Puebla, param\u00e9dicos de Cruz Roja, SUMA, y agentes viales se trasladaron al sitio.<br>En el lugar los especialistas de la medicina atendieron a 12 personas, cuatro estables cinco leves y tres graves, entre ellos una persona que tuvo que ser rescatada del veh\u00edculo particular donde tambi\u00e9n iba un menor de tres a\u00f1os que debido a los m\u00faltiples golpes muri\u00f3 casi al instante.<\/p>\n\n\n\n<p>La zona fue cerrada y acordonada por los agentes viales del municipio que desvariaron la circulaci\u00f3n para los trabajos de los socorristas y rescatistas. Los heridos fueron llevados a un hospital y peritos viales encabezaron las diligencias del levantamiento del cuerpo el cual ser\u00eda llevado al anfiteatro.<\/p>\n\n\n\n<p>Ser\u00e1 mediante los estudios y peritajes de ley como se establezca qui\u00e9n tuvo la responsabilidad en este accidente en el que no se inform\u00f3 sobre alg\u00fan detenido.<\/p>\n","protected":false},"excerpt":{"rendered":"<p>Un menor de tan s\u00f3lo tres a\u00f1os de edad muri\u00f3 la ma\u00f1ana de este viernes durante un choque de una unidad de la ruta Azteca y un veh\u00edculo particular en la colonia Volcanes de la ciudad de Puebla, donde 12 personas tambi\u00e9n resultaron heridas, tres de ellas de gravedad. El fatal accidente ocurri\u00f3 cerca de [&hellip;]<\/p>\n","protected":false},"author":4,"featured_media":10926,"comment_status":"open","ping_status":"open","sticky":false,"template":"","format":"standard","meta":{"om_disable_all_campaigns":false,"_monsterinsights_skip_tracking":false,"_monsterinsights_sitenote_active":false,"_monsterinsights_sitenote_note":"","_monsterinsights_sitenote_category":0,"footnotes":""},"categories":[175],"tags":[223],"class_list":["post-10925","post","type-post","status-publish","format-standard","has-post-thumbnail","hentry","category-local","tag-puebla"],"amp_enabled":true,"_links":{"self":[{"href":"https:\/\/lahora.mx\/index.php\/wp-json\/wp\/v2\/posts\/10925","targetHints":{"allow":["GET"]}}],"collection":[{"href":"https:\/\/lahora.mx\/index.php\/wp-json\/wp\/v2\/posts"}],"about":[{"href":"https:\/\/lahora.mx\/index.php\/wp-json\/wp\/v2\/types\/post"}],"author":[{"embeddable":true,"href":"https:\/\/lahora.mx\/index.php\/wp-json\/wp\/v2\/users\/4"}],"replies":[{"embeddable":true,"href":"https:\/\/lahora.mx\/index.php\/wp-json\/wp\/v2\/comments?post=10925"}],"version-history":[{"count":1,"href":"https:\/\/lahora.mx\/index.php\/wp-json\/wp\/v2\/posts\/10925\/revisions"}],"predecessor-version":[{"id":10927,"href":"https:\/\/lahora.mx\/index.php\/wp-json\/wp\/v2\/posts\/10925\/revisions\/10927"}],"wp:featuredmedia":[{"embeddable":true,"href":"https:\/\/lahora.mx\/index.php\/wp-json\/wp\/v2\/media\/10926"}],"wp:attachment":[{"href":"https:\/\/lahora.mx\/index.php\/wp-json\/wp\/v2\/media?parent=10925"}],"wp:term":[{"taxonomy":"category","embeddable":true,"href":"https:\/\/lahora.mx\/index.php\/wp-json\/wp\/v2\/categories?post=10925"},{"taxonomy":"post_tag","embeddable":true,"href":"https:\/\/lahora.mx\/index.php\/wp-json\/wp\/v2\/tags?post=10925"}],"curies":[{"name":"wp","href":"https:\/\/api.w.org\/{rel}","templated":true}]}}