{"id":10898,"date":"2022-07-28T23:26:11","date_gmt":"2022-07-28T23:26:11","guid":{"rendered":"http:\/\/lahora.mx\/?p=10898"},"modified":"2022-07-28T23:26:12","modified_gmt":"2022-07-28T23:26:12","slug":"es-capturado-en-tijuana-sujeto-que-quiso-matar-a-su-esposa-en-ocoyucan","status":"publish","type":"post","link":"https:\/\/lahora.mx\/index.php\/2022\/07\/28\/es-capturado-en-tijuana-sujeto-que-quiso-matar-a-su-esposa-en-ocoyucan\/","title":{"rendered":"Es  capturado en Tijuana sujeto que quiso matar a su esposa en Ocoyucan"},"content":{"rendered":"\n<p>La Fiscal\u00eda General del Estado de Puebla concluy\u00f3 el caso de un intento de feminicidio que se registr\u00f3 en el municipio de Ocoyucan.<\/p>\n\n\n\n<p>Tras cumplir su aprehensi\u00f3n en Tijuana, la Fiscal\u00eda de Puebla logr\u00f3 obtener la vinculaci\u00f3n a proceso de Ren\u00e9 Aurelio N., presunto responsable del delito de feminicidio en grado de tentativa, en contra de su ex pareja sentimental.<\/p>\n\n\n\n<p>El 15 de mayo de 2019, presuntamente Ren\u00e9 Aurelio N., golpe\u00f3 a la v\u00edctima en repetidas ocasiones y la lesion\u00f3 en el cuello con un objeto punzocortante, d\u00e1ndose a la fuga tras cometer el il\u00edcito.<\/p>\n\n\n\n<p>Al investigar el caso, la Fiscal\u00eda General del Estado de Puebla, estableci\u00f3 la identidad del posible agresor, solicit\u00f3 y obtuvo orden de aprehensi\u00f3n en su contra y rastre\u00f3 el paradero del hombre.<\/p>\n\n\n\n<p>El 20 de julio de 2022 en Tijuana con la colaboraci\u00f3n de la Fiscal\u00eda de Baja California, Ren\u00e9 Aurelio N. fue aprehendido. Durante el proceso judicial, la Fiscal\u00eda de Puebla present\u00f3 datos de prueba ante el Juez de Control quien determin\u00f3 su vinculaci\u00f3n a proceso y medida cautelar de prisi\u00f3n preventiva oficiosa.<\/p>\n","protected":false},"excerpt":{"rendered":"<p>La Fiscal\u00eda General del Estado de Puebla concluy\u00f3 el caso de un intento de feminicidio que se registr\u00f3 en el municipio de Ocoyucan. Tras cumplir su aprehensi\u00f3n en Tijuana, la Fiscal\u00eda de Puebla logr\u00f3 obtener la vinculaci\u00f3n a proceso de Ren\u00e9 Aurelio N., presunto responsable del delito de feminicidio en grado de tentativa, en contra [&hellip;]<\/p>\n","protected":false},"author":4,"featured_media":10899,"comment_status":"open","ping_status":"open","sticky":false,"template":"","format":"standard","meta":{"om_disable_all_campaigns":false,"_monsterinsights_skip_tracking":false,"_monsterinsights_sitenote_active":false,"_monsterinsights_sitenote_note":"","_monsterinsights_sitenote_category":0,"footnotes":""},"categories":[176],"tags":[],"class_list":["post-10898","post","type-post","status-publish","format-standard","has-post-thumbnail","hentry","category-nacional"],"amp_enabled":true,"_links":{"self":[{"href":"https:\/\/lahora.mx\/index.php\/wp-json\/wp\/v2\/posts\/10898","targetHints":{"allow":["GET"]}}],"collection":[{"href":"https:\/\/lahora.mx\/index.php\/wp-json\/wp\/v2\/posts"}],"about":[{"href":"https:\/\/lahora.mx\/index.php\/wp-json\/wp\/v2\/types\/post"}],"author":[{"embeddable":true,"href":"https:\/\/lahora.mx\/index.php\/wp-json\/wp\/v2\/users\/4"}],"replies":[{"embeddable":true,"href":"https:\/\/lahora.mx\/index.php\/wp-json\/wp\/v2\/comments?post=10898"}],"version-history":[{"count":1,"href":"https:\/\/lahora.mx\/index.php\/wp-json\/wp\/v2\/posts\/10898\/revisions"}],"predecessor-version":[{"id":10900,"href":"https:\/\/lahora.mx\/index.php\/wp-json\/wp\/v2\/posts\/10898\/revisions\/10900"}],"wp:featuredmedia":[{"embeddable":true,"href":"https:\/\/lahora.mx\/index.php\/wp-json\/wp\/v2\/media\/10899"}],"wp:attachment":[{"href":"https:\/\/lahora.mx\/index.php\/wp-json\/wp\/v2\/media?parent=10898"}],"wp:term":[{"taxonomy":"category","embeddable":true,"href":"https:\/\/lahora.mx\/index.php\/wp-json\/wp\/v2\/categories?post=10898"},{"taxonomy":"post_tag","embeddable":true,"href":"https:\/\/lahora.mx\/index.php\/wp-json\/wp\/v2\/tags?post=10898"}],"curies":[{"name":"wp","href":"https:\/\/api.w.org\/{rel}","templated":true}]}}