{"id":10895,"date":"2022-07-28T23:16:46","date_gmt":"2022-07-28T23:16:46","guid":{"rendered":"http:\/\/lahora.mx\/?p=10895"},"modified":"2022-07-28T23:16:47","modified_gmt":"2022-07-28T23:16:47","slug":"con-el-diablo-compara-la-comunidad-lgbt-parroco-de-puebla","status":"publish","type":"post","link":"https:\/\/lahora.mx\/index.php\/2022\/07\/28\/con-el-diablo-compara-la-comunidad-lgbt-parroco-de-puebla\/","title":{"rendered":"Con el diablo compara la comunidad LGBT P\u00e1rroco de Puebla"},"content":{"rendered":"\n<p>Un p\u00e1rroco de la localidad de Jicolapa en Zacatl\u00e1n, se hizo viral en redes sociales luego de realizar comentarios homof\u00f3bicos durante una misa que se llev\u00f3 a cabo en el templo conventual franciscano el domingo pasado.<\/p>\n\n\n\n<p>Durante el serm\u00f3n que fue grabado y subido a internet, el padre Pedro Varillas, compar\u00f3 a la comunidad LGBT+ con Sodoma y Gomorra: \u201ccon todas estas cosas que se est\u00e1n promoviendo contra la vida, contra la familia, contra la fe, con todo esto de los matrimonios igualitarios, ideolog\u00eda de g\u00e9nero, cultura trans y todas estas cosas del demonio\u201d.<br>En su discurso utiliz\u00f3 palabras peyorativas con una obvia connotaci\u00f3n homof\u00f3bica en contra de la diversidad sexual, las cuales perpet\u00faan discursos de odio: \u201centonces \u00bfcu\u00e1l es el objetivo?, pues que se casen dos &#8216;jotines&#8217; que nunca van a engendrar familia, que se casen dos lesbianas, entonces no van a poder engendrar familia, pero s\u00ed pueden adoptar \u00a1Qu\u00e9 desgracia!\u2026 Yo no tengo nada, tampoco tengo fobia, sabe Dios porque tomaron esas inclinaciones, pero si son bautizados ya no son hijos de Dios\u00bb.<\/p>\n\n\n\n<p>La homil\u00eda donde el sacerdote incluy\u00f3 su punto de vista gener\u00f3 controversia y dividi\u00f3 a los usuarios, mientras unos criticaron que hoy en d\u00eda se sigan promoviendo \u201cideas arcaicas\u201d, otros mencionaron que todas las opiniones deben ser respetadas.<\/p>\n\n\n\n<p>Instauran el D\u00eda Estatal de la Lucha contra la Homofobia, la Transfobia y la Bifobia<br>En el a\u00f1o 2019, el Congreso de Puebla declar\u00f3 el 17 de mayo como \u201cD\u00eda Estatal de la Lucha contra la Homofobia, la Transfobia y la Bifobia\u201d, donde las y los diputados se pronunciaron a favor de trabajar por el respeto de los derechos humanos, igualdad y la no discriminaci\u00f3n.<\/p>\n\n\n\n<p>En Puebla, entre el a\u00f1o 20221 y 2022 se registraron aproximadamente nueve asesinatos catalogados como cr\u00edmenes de odio, seg\u00fan cifras del Observatorio Nacional de cr\u00edmenes de odio contra personas LGBT+.<\/p>\n\n\n\n<p>En la Marcha del Orgullo del pasado 18 de junio, colectivos demandaron pol\u00edticas p\u00fablicas, educaci\u00f3n sexual con diversidad, reconocimiento a las infancias y juventudes trans, as\u00ed como un alto a los cr\u00edmenes de odio y la discriminaci\u00f3n.<\/p>\n\n\n\n<p>Mar\u00eda Jos\u00e9 Flores Serrano, fundadora de la Asociaci\u00f3n para la Protecci\u00f3n de la Pluralidad Sexual y Derechos Humanos (APPS), mencion\u00f3 que pese a que, con a\u00f1os de lucha, la comunidad ha habido algunos logros, como el matrimonio igualitario, el reconocimiento de la identidad de g\u00e9nero auto percibida y la prohibici\u00f3n de las llamadas terapias de conversi\u00f3n, sin embargo, faltan acciones para garantizar los derechos de este sector de la poblaci\u00f3n.<\/p>\n\n\n\n<p>Puebla es el sexto estado con mayor diversidad sexual en el pa\u00eds<\/p>\n\n\n\n<p>El 5.4 por ciento de la poblaci\u00f3n mayor de 15 a\u00f1os en Puebla forma parte de la diversidad sexual, pues 267 mil 78 personas reportaron una orientaci\u00f3n sexual o identidad de g\u00e9nero no normativa o no convencional.<\/p>\n\n\n\n<p>Esto ubic\u00f3 a Puebla como la sexta entidad con mayor cantidad de poblaci\u00f3n diversa, de acuerdo con la Encuesta Nacional sobre Diversidad Sexual y de G\u00e9nero (Endiseg) del Instituto Nacional de Estad\u00edstica y Geograf\u00eda (Inegi).<\/p>\n","protected":false},"excerpt":{"rendered":"<p>Un p\u00e1rroco de la localidad de Jicolapa en Zacatl\u00e1n, se hizo viral en redes sociales luego de realizar comentarios homof\u00f3bicos durante una misa que se llev\u00f3 a cabo en el templo conventual franciscano el domingo pasado. Durante el serm\u00f3n que fue grabado y subido a internet, el padre Pedro Varillas, compar\u00f3 a la comunidad LGBT+ [&hellip;]<\/p>\n","protected":false},"author":4,"featured_media":10896,"comment_status":"open","ping_status":"open","sticky":false,"template":"","format":"standard","meta":{"om_disable_all_campaigns":false,"_monsterinsights_skip_tracking":false,"_monsterinsights_sitenote_active":false,"_monsterinsights_sitenote_note":"","_monsterinsights_sitenote_category":0,"footnotes":""},"categories":[175],"tags":[223],"class_list":["post-10895","post","type-post","status-publish","format-standard","has-post-thumbnail","hentry","category-local","tag-puebla"],"amp_enabled":true,"_links":{"self":[{"href":"https:\/\/lahora.mx\/index.php\/wp-json\/wp\/v2\/posts\/10895","targetHints":{"allow":["GET"]}}],"collection":[{"href":"https:\/\/lahora.mx\/index.php\/wp-json\/wp\/v2\/posts"}],"about":[{"href":"https:\/\/lahora.mx\/index.php\/wp-json\/wp\/v2\/types\/post"}],"author":[{"embeddable":true,"href":"https:\/\/lahora.mx\/index.php\/wp-json\/wp\/v2\/users\/4"}],"replies":[{"embeddable":true,"href":"https:\/\/lahora.mx\/index.php\/wp-json\/wp\/v2\/comments?post=10895"}],"version-history":[{"count":1,"href":"https:\/\/lahora.mx\/index.php\/wp-json\/wp\/v2\/posts\/10895\/revisions"}],"predecessor-version":[{"id":10897,"href":"https:\/\/lahora.mx\/index.php\/wp-json\/wp\/v2\/posts\/10895\/revisions\/10897"}],"wp:featuredmedia":[{"embeddable":true,"href":"https:\/\/lahora.mx\/index.php\/wp-json\/wp\/v2\/media\/10896"}],"wp:attachment":[{"href":"https:\/\/lahora.mx\/index.php\/wp-json\/wp\/v2\/media?parent=10895"}],"wp:term":[{"taxonomy":"category","embeddable":true,"href":"https:\/\/lahora.mx\/index.php\/wp-json\/wp\/v2\/categories?post=10895"},{"taxonomy":"post_tag","embeddable":true,"href":"https:\/\/lahora.mx\/index.php\/wp-json\/wp\/v2\/tags?post=10895"}],"curies":[{"name":"wp","href":"https:\/\/api.w.org\/{rel}","templated":true}]}}