{"id":10889,"date":"2022-07-28T17:14:50","date_gmt":"2022-07-28T17:14:50","guid":{"rendered":"http:\/\/lahora.mx\/?p=10889"},"modified":"2022-07-28T17:14:51","modified_gmt":"2022-07-28T17:14:51","slug":"policia-municipal-realiza-operativo-de-seguridad-en-el-transporte-publico","status":"publish","type":"post","link":"https:\/\/lahora.mx\/index.php\/2022\/07\/28\/policia-municipal-realiza-operativo-de-seguridad-en-el-transporte-publico\/","title":{"rendered":"Polic\u00eda municipal realiza operativo de seguridad en el transporte p\u00fablico"},"content":{"rendered":"\n<p>Por m\u00e1s ciudadanos seguros y tranquilos a bordo del transporte p\u00fablico, la Secretar\u00eda de Seguridad Ciudadana del Municipio de Puebla implementa de forma permanente el operativo \u00abContigo y En Ruta\u00bb; despliegue de inspecci\u00f3n preventiva en paraderos con mayor afluencia de la capital.<\/p>\n\n\n\n<p>Gracias a que desde el inicio de la Administraci\u00f3n de Eduardo Rivera P\u00e9rez se han realizado tres mil 295 de estos dispositivos, se ha logrado la detenci\u00f3n en flagrancia y remisi\u00f3n al Ministerio P\u00fablico de nueve personas por robo en agravio de pasajeros y delitos contra la salud.<\/p>\n\n\n\n<p>As\u00ed lo revel\u00f3 Miguel Mantilla Mart\u00ednez, Regidor Presidente de la Comisi\u00f3n de Gobernaci\u00f3n, al encabezar este operativo desde el bulevar Carmen Serd\u00e1n, frente a la Central de Autobuses CAPU, quien adem\u00e1s agreg\u00f3 que estos aciertos contra el delito fueron en consecuencia de la revisi\u00f3n de 32 mil 300 unidades de diferentes rutas que recorren la ciudad y de 134 mil personas usuarias.<\/p>\n\n\n\n<p>Es \u00abContigo y en Ruta\u00bb que se vela por la integridad de la ciudadan\u00eda que ocupa el servicio de transporte p\u00fablico, expres\u00f3 Ad\u00e1n Dom\u00ednguez S\u00e1nchez, Gerente Municipal de Gobierno, luego de afirmar que mediante este despliegue estrat\u00e9gico que se realiza en 10 zonas del Municipio, en distintos horarios y de forma aleatoria, se acompa\u00f1an los trayectos de mayor afluencia de pasajeros para recuperar la tranquilidad que todas y todos se merecen en las calles.<\/p>\n\n\n\n<p>Tambi\u00e9n se sum\u00f3 a las labores de este dispositivo Miguel Mart\u00edn Hern\u00e1ndez Mart\u00ednez, Coordinador General de Operatividad Policial, quien llam\u00f3 a la ciudadan\u00eda a hacer de la seguridad compromiso de todos, asumiendo la cultura de la denuncia para llegar juntos, ciudadan\u00eda y gobierno, hasta las \u00faltimas consecuencia contra los grupos delictivos.<\/p>\n\n\n\n<p>Asimismo, acompa\u00f1aron el dispositivo \u00abContigo y En Ruta\u00bb Mar\u00eda del Rayo Ram\u00edrez Polo, Directora de Control de Tr\u00e1nsito; Alfredo Hern\u00e1ndez de Jes\u00fas, Director de Polic\u00eda Preventiva; Sixto Tob\u00f3n Gonz\u00e1lez, Subdirector de Grupos Especiales; y Rodolfo Portillo San Gabriel, Jefe de Polic\u00eda Zona 4.<\/p>\n","protected":false},"excerpt":{"rendered":"<p>Por m\u00e1s ciudadanos seguros y tranquilos a bordo del transporte p\u00fablico, la Secretar\u00eda de Seguridad Ciudadana del Municipio de Puebla implementa de forma permanente el operativo \u00abContigo y En Ruta\u00bb; despliegue de inspecci\u00f3n preventiva en paraderos con mayor afluencia de la capital. Gracias a que desde el inicio de la Administraci\u00f3n de Eduardo Rivera P\u00e9rez [&hellip;]<\/p>\n","protected":false},"author":4,"featured_media":10890,"comment_status":"open","ping_status":"open","sticky":false,"template":"","format":"standard","meta":{"om_disable_all_campaigns":false,"_monsterinsights_skip_tracking":false,"_monsterinsights_sitenote_active":false,"_monsterinsights_sitenote_note":"","_monsterinsights_sitenote_category":0,"footnotes":""},"categories":[175,226],"tags":[195,223],"class_list":["post-10889","post","type-post","status-publish","format-standard","has-post-thumbnail","hentry","category-local","category-policia","tag-principal","tag-puebla"],"amp_enabled":true,"_links":{"self":[{"href":"https:\/\/lahora.mx\/index.php\/wp-json\/wp\/v2\/posts\/10889","targetHints":{"allow":["GET"]}}],"collection":[{"href":"https:\/\/lahora.mx\/index.php\/wp-json\/wp\/v2\/posts"}],"about":[{"href":"https:\/\/lahora.mx\/index.php\/wp-json\/wp\/v2\/types\/post"}],"author":[{"embeddable":true,"href":"https:\/\/lahora.mx\/index.php\/wp-json\/wp\/v2\/users\/4"}],"replies":[{"embeddable":true,"href":"https:\/\/lahora.mx\/index.php\/wp-json\/wp\/v2\/comments?post=10889"}],"version-history":[{"count":1,"href":"https:\/\/lahora.mx\/index.php\/wp-json\/wp\/v2\/posts\/10889\/revisions"}],"predecessor-version":[{"id":10891,"href":"https:\/\/lahora.mx\/index.php\/wp-json\/wp\/v2\/posts\/10889\/revisions\/10891"}],"wp:featuredmedia":[{"embeddable":true,"href":"https:\/\/lahora.mx\/index.php\/wp-json\/wp\/v2\/media\/10890"}],"wp:attachment":[{"href":"https:\/\/lahora.mx\/index.php\/wp-json\/wp\/v2\/media?parent=10889"}],"wp:term":[{"taxonomy":"category","embeddable":true,"href":"https:\/\/lahora.mx\/index.php\/wp-json\/wp\/v2\/categories?post=10889"},{"taxonomy":"post_tag","embeddable":true,"href":"https:\/\/lahora.mx\/index.php\/wp-json\/wp\/v2\/tags?post=10889"}],"curies":[{"name":"wp","href":"https:\/\/api.w.org\/{rel}","templated":true}]}}