{"id":10858,"date":"2022-07-27T23:53:16","date_gmt":"2022-07-27T23:53:16","guid":{"rendered":"http:\/\/lahora.mx\/?p=10858"},"modified":"2022-07-27T23:53:17","modified_gmt":"2022-07-27T23:53:17","slug":"anuncia-nuevos-vuelos-y-elimina-dos-rutas-desde-aifa-aeromexico","status":"publish","type":"post","link":"https:\/\/lahora.mx\/index.php\/2022\/07\/27\/anuncia-nuevos-vuelos-y-elimina-dos-rutas-desde-aifa-aeromexico\/","title":{"rendered":"Anuncia nuevos vuelos y elimina dos rutas desde AIFA: Aerom\u00e9xico"},"content":{"rendered":"\n<p>Aerom\u00e9xico anunci\u00f3 las modificaciones en sus vuelos desde el Aeropuerto Internacional Felipe \u00c1ngeles (AIFA), las cuales aplicar\u00e1n a partir del 15 de agosto e incluyen el incremento de tres a seis destinos, pero tambi\u00e9n la eliminaci\u00f3n de dos rutas.<\/p>\n\n\n\n<p>En un comunicado, la aerol\u00ednea inform\u00f3 que \u201cpasar\u00e1 de operar tres destinos con 14 frecuencias, a seis destinos con 56 frecuencias semanales\u201d.<\/p>\n\n\n\n<p>Con las modificaciones, Aerom\u00e9xico adelante la apertura de las rutas a Acapulco, Guadalajara, Monterrey y Oaxaca, que originalmente estaban anunciadas para septiembre.<\/p>\n\n\n\n<p>Adem\u00e1s, cancela la ruta a Villahermosa, Tabasco que ya operaba en la nueva terminal y elimina de su plan los vuelos a Canc\u00fan, Quintana Roo, que se inaugurar\u00edan a partir de agosto.<\/p>\n\n\n\n<p>Las rutas que operar\u00e1 Aerom\u00e9xico desde el AIFA ser\u00e1n:<br>Acapulco, siete vuelos<br>Guadalajara, catorce vuelos<br>M\u00e9rida, siete vuelos<br>Monterrey, catorce vuelos<br>Oaxaca, siete vuelos<br>Puerto Vallarta, siete vuelos<br>Con estas modificaciones la aerol\u00ednea, que inici\u00f3 operaciones en el AIFA en marzo, llega a \u201cuna oferta total de 112 llegadas y salidas que representan m\u00e1s de diez mil asientos semanales\u201d.<\/p>\n\n\n\n<p>La aerol\u00ednea enfatiz\u00f3 que esta oferta complementa a la ya existente en el Aeropuerto Internacional de la Ciudad de M\u00e9xico (AICM).<\/p>\n","protected":false},"excerpt":{"rendered":"<p>Aerom\u00e9xico anunci\u00f3 las modificaciones en sus vuelos desde el Aeropuerto Internacional Felipe \u00c1ngeles (AIFA), las cuales aplicar\u00e1n a partir del 15 de agosto e incluyen el incremento de tres a seis destinos, pero tambi\u00e9n la eliminaci\u00f3n de dos rutas. En un comunicado, la aerol\u00ednea inform\u00f3 que \u201cpasar\u00e1 de operar tres destinos con 14 frecuencias, a [&hellip;]<\/p>\n","protected":false},"author":4,"featured_media":10859,"comment_status":"open","ping_status":"open","sticky":false,"template":"","format":"standard","meta":{"om_disable_all_campaigns":false,"_monsterinsights_skip_tracking":false,"_monsterinsights_sitenote_active":false,"_monsterinsights_sitenote_note":"","_monsterinsights_sitenote_category":0,"footnotes":""},"categories":[176],"tags":[],"class_list":["post-10858","post","type-post","status-publish","format-standard","has-post-thumbnail","hentry","category-nacional"],"amp_enabled":true,"_links":{"self":[{"href":"https:\/\/lahora.mx\/index.php\/wp-json\/wp\/v2\/posts\/10858","targetHints":{"allow":["GET"]}}],"collection":[{"href":"https:\/\/lahora.mx\/index.php\/wp-json\/wp\/v2\/posts"}],"about":[{"href":"https:\/\/lahora.mx\/index.php\/wp-json\/wp\/v2\/types\/post"}],"author":[{"embeddable":true,"href":"https:\/\/lahora.mx\/index.php\/wp-json\/wp\/v2\/users\/4"}],"replies":[{"embeddable":true,"href":"https:\/\/lahora.mx\/index.php\/wp-json\/wp\/v2\/comments?post=10858"}],"version-history":[{"count":1,"href":"https:\/\/lahora.mx\/index.php\/wp-json\/wp\/v2\/posts\/10858\/revisions"}],"predecessor-version":[{"id":10860,"href":"https:\/\/lahora.mx\/index.php\/wp-json\/wp\/v2\/posts\/10858\/revisions\/10860"}],"wp:featuredmedia":[{"embeddable":true,"href":"https:\/\/lahora.mx\/index.php\/wp-json\/wp\/v2\/media\/10859"}],"wp:attachment":[{"href":"https:\/\/lahora.mx\/index.php\/wp-json\/wp\/v2\/media?parent=10858"}],"wp:term":[{"taxonomy":"category","embeddable":true,"href":"https:\/\/lahora.mx\/index.php\/wp-json\/wp\/v2\/categories?post=10858"},{"taxonomy":"post_tag","embeddable":true,"href":"https:\/\/lahora.mx\/index.php\/wp-json\/wp\/v2\/tags?post=10858"}],"curies":[{"name":"wp","href":"https:\/\/api.w.org\/{rel}","templated":true}]}}