{"id":10795,"date":"2022-07-27T15:15:32","date_gmt":"2022-07-27T15:15:32","guid":{"rendered":"http:\/\/lahora.mx\/?p=10795"},"modified":"2022-07-27T15:15:33","modified_gmt":"2022-07-27T15:15:33","slug":"putin-requiere-de-atencion-medica-urgente-por-nauseas-severas","status":"publish","type":"post","link":"https:\/\/lahora.mx\/index.php\/2022\/07\/27\/putin-requiere-de-atencion-medica-urgente-por-nauseas-severas\/","title":{"rendered":"Putin requiere de atenci\u00f3n m\u00e9dica urgente por \u00abn\u00e1useas severas\u00bb"},"content":{"rendered":"\n<p>El presidente Vladimir Putin requiri\u00f3 atenci\u00f3n m\u00e9dica de emergencia el pasado fin de semana tras quejarse de \u201cn\u00e1useas severas\u201d, seg\u00fan reportes de un canal de Telegram citado por la prensa internacional.<\/p>\n\n\n\n<p>La emergencia m\u00e9dica dur\u00f3 unas tres horas e incluso se tuvo que llamar a un equipo adicional de m\u00e9dicos para tratar a mandatario ruso, inform\u00f3 el canal ruso de Telegram General SVR, adjudicado a un exgeneral del Servicio de Inteligencia Exterior de Rusia (SVR), que utiliza el seud\u00f3nimo de \u2018Viktor Mikhailovich\u2019.<\/p>\n\n\n\n<p>Putin se quej\u00f3 de fuertes n\u00e1useas. Veinte minutos despu\u00e9s, se llam\u00f3 a un equipo adicional de m\u00e9dicos con los m\u00e9dicos tratantes del presidente. Se sabe que los m\u00e9dicos brindaron asistencia y estuvieron cerca de Putin durante tres horas, y despu\u00e9s de que el estado del presidente mejor\u00f3, se retiraron\u201d, indic\u00f3 el canal.<\/p>\n\n\n\n<p>Previamente, el canal tambi\u00e9n afirm\u00f3 que en las pr\u00f3ximas semanas el jefe del Kremlin \u201cser\u00e1 reemplazado por un doble\u201d e incluso que el Kremlin recurrir\u00eda a tecnolog\u00eda \u201cdeepfake\u201d para los pr\u00f3ximos eventos del gobernante.<\/p>\n\n\n\n<p>La salud del l\u00edder ruso ha sido motivo de especulaciones desde que Mosc\u00fa lanz\u00f3 la invasi\u00f3n a Ucrania, adjudic\u00e1ndole padecimientos como c\u00e1ncer terminal y hasta mal de Parkinson.<\/p>\n\n\n\n<p>Algunas autoridades ucranianas incluso han dado por hecho que Putin est\u00e1 enfermo de muerte, pero el Kremlin lo ha refutado.<\/p>\n\n\n\n<p>Recientemente, el jefe de las fuerzas armadas brit\u00e1nicas calific\u00f3 los rumores de meras \u00abilusiones\u00bb y asegur\u00f3 que el presidente ruso goza de plenas facultades para ejercer el poder, sin visos de un supuesto cambio de r\u00e9gimen en Mosc\u00fa.<\/p>\n","protected":false},"excerpt":{"rendered":"<p>El presidente Vladimir Putin requiri\u00f3 atenci\u00f3n m\u00e9dica de emergencia el pasado fin de semana tras quejarse de \u201cn\u00e1useas severas\u201d, seg\u00fan reportes de un canal de Telegram citado por la prensa internacional. La emergencia m\u00e9dica dur\u00f3 unas tres horas e incluso se tuvo que llamar a un equipo adicional de m\u00e9dicos para tratar a mandatario ruso, [&hellip;]<\/p>\n","protected":false},"author":4,"featured_media":10796,"comment_status":"open","ping_status":"open","sticky":false,"template":"","format":"standard","meta":{"om_disable_all_campaigns":false,"_monsterinsights_skip_tracking":false,"_monsterinsights_sitenote_active":false,"_monsterinsights_sitenote_note":"","_monsterinsights_sitenote_category":0,"footnotes":""},"categories":[183],"tags":[],"class_list":["post-10795","post","type-post","status-publish","format-standard","has-post-thumbnail","hentry","category-internacional"],"amp_enabled":true,"_links":{"self":[{"href":"https:\/\/lahora.mx\/index.php\/wp-json\/wp\/v2\/posts\/10795","targetHints":{"allow":["GET"]}}],"collection":[{"href":"https:\/\/lahora.mx\/index.php\/wp-json\/wp\/v2\/posts"}],"about":[{"href":"https:\/\/lahora.mx\/index.php\/wp-json\/wp\/v2\/types\/post"}],"author":[{"embeddable":true,"href":"https:\/\/lahora.mx\/index.php\/wp-json\/wp\/v2\/users\/4"}],"replies":[{"embeddable":true,"href":"https:\/\/lahora.mx\/index.php\/wp-json\/wp\/v2\/comments?post=10795"}],"version-history":[{"count":1,"href":"https:\/\/lahora.mx\/index.php\/wp-json\/wp\/v2\/posts\/10795\/revisions"}],"predecessor-version":[{"id":10797,"href":"https:\/\/lahora.mx\/index.php\/wp-json\/wp\/v2\/posts\/10795\/revisions\/10797"}],"wp:featuredmedia":[{"embeddable":true,"href":"https:\/\/lahora.mx\/index.php\/wp-json\/wp\/v2\/media\/10796"}],"wp:attachment":[{"href":"https:\/\/lahora.mx\/index.php\/wp-json\/wp\/v2\/media?parent=10795"}],"wp:term":[{"taxonomy":"category","embeddable":true,"href":"https:\/\/lahora.mx\/index.php\/wp-json\/wp\/v2\/categories?post=10795"},{"taxonomy":"post_tag","embeddable":true,"href":"https:\/\/lahora.mx\/index.php\/wp-json\/wp\/v2\/tags?post=10795"}],"curies":[{"name":"wp","href":"https:\/\/api.w.org\/{rel}","templated":true}]}}