{"id":10785,"date":"2022-07-27T02:37:57","date_gmt":"2022-07-27T02:37:57","guid":{"rendered":"http:\/\/lahora.mx\/?p=10785"},"modified":"2022-07-27T02:41:49","modified_gmt":"2022-07-27T02:41:49","slug":"se-desploma-una-parte-del-techo-de-el-campanario-en-la-colonia-xonaca","status":"publish","type":"post","link":"https:\/\/lahora.mx\/index.php\/2022\/07\/27\/se-desploma-una-parte-del-techo-de-el-campanario-en-la-colonia-xonaca\/","title":{"rendered":"Se desploma una parte del techo de El Campanario en la colonia Xonaca"},"content":{"rendered":"\n<p>Da\u00f1os materiales caus\u00f3 el desplome de una parte del techo de la plaza ubicada en la calle 40 Norte y 18 Oriente, en la colonia Xonaca.<\/p>\n\n\n\n<p>El hecho fue reportado alrededor de las 18:30 horas de este 26 de julio, de acuerdo con las autoridades municipales.<br>A la zona arribaron elementos de Protecci\u00f3n Civil Municipal y bomberos para trabajar en la mitigaci\u00f3n de riesgos.<br>De acuerdo con las autoridades solo se registran da\u00f1os materiales a en veh\u00edculos estacionados.<\/p>\n","protected":false},"excerpt":{"rendered":"<p>Da\u00f1os materiales caus\u00f3 el desplome de una parte del techo de la plaza ubicada en la calle 40 Norte y 18 Oriente, en la colonia Xonaca. El hecho fue reportado alrededor de las 18:30 horas de este 26 de julio, de acuerdo con las autoridades municipales.A la zona arribaron elementos de Protecci\u00f3n Civil Municipal y [&hellip;]<\/p>\n","protected":false},"author":4,"featured_media":10786,"comment_status":"open","ping_status":"open","sticky":false,"template":"","format":"standard","meta":{"om_disable_all_campaigns":false,"_monsterinsights_skip_tracking":false,"_monsterinsights_sitenote_active":false,"_monsterinsights_sitenote_note":"","_monsterinsights_sitenote_category":0,"footnotes":""},"categories":[175],"tags":[],"class_list":["post-10785","post","type-post","status-publish","format-standard","has-post-thumbnail","hentry","category-local"],"amp_enabled":true,"_links":{"self":[{"href":"https:\/\/lahora.mx\/index.php\/wp-json\/wp\/v2\/posts\/10785","targetHints":{"allow":["GET"]}}],"collection":[{"href":"https:\/\/lahora.mx\/index.php\/wp-json\/wp\/v2\/posts"}],"about":[{"href":"https:\/\/lahora.mx\/index.php\/wp-json\/wp\/v2\/types\/post"}],"author":[{"embeddable":true,"href":"https:\/\/lahora.mx\/index.php\/wp-json\/wp\/v2\/users\/4"}],"replies":[{"embeddable":true,"href":"https:\/\/lahora.mx\/index.php\/wp-json\/wp\/v2\/comments?post=10785"}],"version-history":[{"count":2,"href":"https:\/\/lahora.mx\/index.php\/wp-json\/wp\/v2\/posts\/10785\/revisions"}],"predecessor-version":[{"id":10788,"href":"https:\/\/lahora.mx\/index.php\/wp-json\/wp\/v2\/posts\/10785\/revisions\/10788"}],"wp:featuredmedia":[{"embeddable":true,"href":"https:\/\/lahora.mx\/index.php\/wp-json\/wp\/v2\/media\/10786"}],"wp:attachment":[{"href":"https:\/\/lahora.mx\/index.php\/wp-json\/wp\/v2\/media?parent=10785"}],"wp:term":[{"taxonomy":"category","embeddable":true,"href":"https:\/\/lahora.mx\/index.php\/wp-json\/wp\/v2\/categories?post=10785"},{"taxonomy":"post_tag","embeddable":true,"href":"https:\/\/lahora.mx\/index.php\/wp-json\/wp\/v2\/tags?post=10785"}],"curies":[{"name":"wp","href":"https:\/\/api.w.org\/{rel}","templated":true}]}}