{"id":10764,"date":"2022-07-26T22:28:26","date_gmt":"2022-07-26T22:28:26","guid":{"rendered":"http:\/\/lahora.mx\/?p=10764"},"modified":"2022-07-26T22:28:31","modified_gmt":"2022-07-26T22:28:31","slug":"estos-municipios-de-puebla-se-encuntran-en-sequia","status":"publish","type":"post","link":"https:\/\/lahora.mx\/index.php\/2022\/07\/26\/estos-municipios-de-puebla-se-encuntran-en-sequia\/","title":{"rendered":"Estos municipios de Puebla se encuentran en sequ\u00eda"},"content":{"rendered":"\n<p>Sin una sola gota de lluvia, es como 73 municipios de la entidad poblana se han mantenido desde hace precisamente un mes, acentuando as\u00ed los efectos negativos de la crisis climatol\u00f3gica causada por la sequ\u00eda en todo el pa\u00eds, revel\u00f3 la titular de la Secretar\u00eda de Desarrollo Rural (SDR) de Puebla, Ana Laura Altamirano P\u00e9rez.<\/p>\n\n\n\n<p>En conferencia de prensa, la funcionaria admiti\u00f3 que el estado no es ajeno a la emergencia nacional que existe respecto a la deshidrataci\u00f3n extrema de las cuencas h\u00eddricas en todo el pa\u00eds, seg\u00fan declar\u00f3 la Comisi\u00f3n Nacional del Agua (Conagua) el pasado 12 de julio.<\/p>\n\n\n\n<p>\u201cNuestro estado (\u2026) se ha visto afectado por la baja precipitaci\u00f3n derivado del fen\u00f3meno climatol\u00f3gico denominado \u2018La Ni\u00f1a\u2019, que es considerada como una anomal\u00eda que tiene su origen en el Oc\u00e9ano Pacifico (\u2026) [Son] 73 municipios [los] que presentan esta problem\u00e1tica\u201d, refiri\u00f3.<br>Tal como lo dio a conocer El Sol de Puebla desde inicios de julio, diversas demarcaciones de la entidad, particularmente las situadas en la regi\u00f3n de la Mixteca, han vivido los d\u00edas m\u00e1s secos en d\u00e9cadas, generando as\u00ed incuantificables p\u00e9rdidas econ\u00f3micas para productores agr\u00edcolas y ganaderos, adem\u00e1s de la incertidumbre sobre las condiciones futuras.<\/p>\n\n\n\n<p>En ese sentido, Altamirano P\u00e9rez dio a conocer que la SDR destinar\u00e1 72 millones de pesos para la atenci\u00f3n de las dificultades en el campo poblano causadas por la deshidrataci\u00f3n. Como primer foco de atenci\u00f3n, ocho brigadas de la dependencia har\u00e1n el levantamiento de informaci\u00f3n, en coordinaci\u00f3n con autoridades locales, en los municipios que comprenden las regiones de la Mixteca y los Valles Altos.<\/p>\n\n\n\n<p>\u00bfEn que municipios de Puebla no ha llovido?<br>De acuerdo con datos de la Conagua, actualizados hasta la primera quincena de julio, de los 164 municipios afectados por sequ\u00edas anormalmente altas y moderadas en la entidad, 58 de ellos fueron los m\u00e1s perjudicados:<\/p>\n\n\n\n<p>Acajete, Acatl\u00e1n, Ahuatl\u00e1n, Ahuehuetitla,<\/p>\n\n\n\n<p>Amozoc, Atexcal, Caltepec, Coatzingo,<\/p>\n\n\n\n<p>Cohuec\u00e1n, Coyotepec, Cuautinch\u00e1n, Cuayuca de Andrade,<\/p>\n\n\n\n<p>Chigmecatitl\u00e1n, Chignahuapan, Chila, Epatl\u00e1n,<\/p>\n\n\n\n<p>Huatlatlauca, Huitziltepec, Ixcaquixtla, Ixtacamaxtitl\u00e1n,<\/p>\n\n\n\n<p>Iz\u00facar de Matamoros, Juan N. M\u00e9ndez, Libres, La Magdalena Tlatlauquitepec,<\/p>\n\n\n\n<p>Alteraci\u00f3n de ciclo de lluvias y sequ\u00eda, afectan cultivos en zona de Cholula<br>Molcaxac, Nopalucan, Ocotepec, Petlalcingo,<\/p>\n\n\n\n<p>Puebla, Rafael Lara Grajales, San Diego la Mesa Tochimiltzingo,<\/p>\n\n\n\n<p>San Jer\u00f3nimo, Xayacatl\u00e1n, San Jos\u00e9 Chiapa, San Juan Atzompa,<\/p>\n\n\n\n<p>San Mart\u00edn Totoltepec, San Miguel Ixitl\u00e1n, Santa Catarina Tlaltempan,<\/p>\n\n\n\n<p>Santa In\u00e9s Ahuatempan y Huehuetl\u00e1n el Grande.<\/p>\n\n\n\n<p>Tecali de Herrera, Tecamachalco, Tehuac\u00e1n, Tehuitzingo,<\/p>\n\n\n\n<p>Teopantl\u00e1n, Tepanco de L\u00f3pez, Tepatlaxco de Hidalgo,<\/p>\n\n\n\n<p>Tepexi de Rodr\u00edguez, Tlacotepec de Benito Ju\u00e1rez, Tochimilco,<\/p>\n\n\n\n<p>Tochtepec, Totoltepec de Guerrero, Tzicatlacoyan, Xayacatl\u00e1n de Bravo,<\/p>\n\n\n\n<p>Xochiltepec, Xochitl\u00e1n Todos Santos, Yehualtepec, Zacapala y Zapotitl\u00e1n.<\/p>\n\n\n\n<p>En Puebla, suficiencia h\u00eddrica est\u00e1 garantizada: Gobernador<br>Por su parte, el gobernador del estado, Miguel Barbosa Huerta, admiti\u00f3 que las condiciones h\u00eddricas no son favorables en este momento para el campo poblano, sin embargo, subray\u00f3 que existe suficiencia de agua para el consumo humano, esto a diferencia de lo que ocurre en otras entidades, tal es el caso de Nuevo Le\u00f3n.<\/p>\n\n\n\n<p>Al respecto, explic\u00f3 que los embalses en la entidad tienen como prioridad brindar el l\u00edquido para desempe\u00f1ar actividades agr\u00edcolas y no actividades cotidianas de la poblaci\u00f3n. De esta manera, refiri\u00f3 que, si bien, dichos cuerpos h\u00eddricos presentan sequedad, esto no compromete la suficiencia de este recurso a nivel estatal.<\/p>\n\n\n\n<p>Comisi\u00f3n aprueba que parques y jardines sean regados con aguas residuales tratadas<br>\u201cPor ejemplo, en Monterrey las presas proveen de agua para consumo humano de esa zona conurbada en Monterrey (\u2026) aqu\u00ed no. En Puebla, las presas no proveen de agua para consumo humano, proveen de agua para cultivos para riego de cultivos, entonces claro que hay afectaciones\u201d, remarc\u00f3.<\/p>\n\n\n\n<p>Asimismo, mencion\u00f3 que, aunque la precipitaci\u00f3n se hace presente en algunas zonas del estado, el efecto clim\u00e1tico conocido como can\u00edcula podr\u00eda alargar las condiciones de sequ\u00eda por hasta un mes m\u00e1s. Al respecto, refiri\u00f3 que se trabaja para evitar que \u201cllegue el momento en el que no tengamos con que regar el campo\u201d.<\/p>\n\n\n\n<p>\u201cQue quede claro, no se pone en riesgo el proveer el agua para consumo humano. Las presas no hacen esa funci\u00f3n aqu\u00ed en el estado de Puebla, porque a lo mejor estaban ustedes pensando que ya viene la sequ\u00eda como all\u00e1 en el norte, no, no es as\u00ed\u201d, concluy\u00f3.<\/p>\n","protected":false},"excerpt":{"rendered":"<p>Sin una sola gota de lluvia, es como 73 municipios de la entidad poblana se han mantenido desde hace precisamente un mes, acentuando as\u00ed los efectos negativos de la crisis climatol\u00f3gica causada por la sequ\u00eda en todo el pa\u00eds, revel\u00f3 la titular de la Secretar\u00eda de Desarrollo Rural (SDR) de Puebla, Ana Laura Altamirano P\u00e9rez. [&hellip;]<\/p>\n","protected":false},"author":4,"featured_media":10765,"comment_status":"open","ping_status":"open","sticky":false,"template":"","format":"standard","meta":{"om_disable_all_campaigns":false,"_monsterinsights_skip_tracking":false,"_monsterinsights_sitenote_active":false,"_monsterinsights_sitenote_note":"","_monsterinsights_sitenote_category":0,"footnotes":""},"categories":[175],"tags":[223],"class_list":["post-10764","post","type-post","status-publish","format-standard","has-post-thumbnail","hentry","category-local","tag-puebla"],"amp_enabled":true,"_links":{"self":[{"href":"https:\/\/lahora.mx\/index.php\/wp-json\/wp\/v2\/posts\/10764","targetHints":{"allow":["GET"]}}],"collection":[{"href":"https:\/\/lahora.mx\/index.php\/wp-json\/wp\/v2\/posts"}],"about":[{"href":"https:\/\/lahora.mx\/index.php\/wp-json\/wp\/v2\/types\/post"}],"author":[{"embeddable":true,"href":"https:\/\/lahora.mx\/index.php\/wp-json\/wp\/v2\/users\/4"}],"replies":[{"embeddable":true,"href":"https:\/\/lahora.mx\/index.php\/wp-json\/wp\/v2\/comments?post=10764"}],"version-history":[{"count":2,"href":"https:\/\/lahora.mx\/index.php\/wp-json\/wp\/v2\/posts\/10764\/revisions"}],"predecessor-version":[{"id":10767,"href":"https:\/\/lahora.mx\/index.php\/wp-json\/wp\/v2\/posts\/10764\/revisions\/10767"}],"wp:featuredmedia":[{"embeddable":true,"href":"https:\/\/lahora.mx\/index.php\/wp-json\/wp\/v2\/media\/10765"}],"wp:attachment":[{"href":"https:\/\/lahora.mx\/index.php\/wp-json\/wp\/v2\/media?parent=10764"}],"wp:term":[{"taxonomy":"category","embeddable":true,"href":"https:\/\/lahora.mx\/index.php\/wp-json\/wp\/v2\/categories?post=10764"},{"taxonomy":"post_tag","embeddable":true,"href":"https:\/\/lahora.mx\/index.php\/wp-json\/wp\/v2\/tags?post=10764"}],"curies":[{"name":"wp","href":"https:\/\/api.w.org\/{rel}","templated":true}]}}