{"id":10757,"date":"2022-07-26T22:14:10","date_gmt":"2022-07-26T22:14:10","guid":{"rendered":"http:\/\/lahora.mx\/?p=10757"},"modified":"2022-07-26T22:14:11","modified_gmt":"2022-07-26T22:14:11","slug":"familiares-de-joven-detenido-niegan-que-sea-el-agresor-sexual-de-menor","status":"publish","type":"post","link":"https:\/\/lahora.mx\/index.php\/2022\/07\/26\/familiares-de-joven-detenido-niegan-que-sea-el-agresor-sexual-de-menor\/","title":{"rendered":"Familiares de joven detenido niegan que sea el agresor sexual de menor"},"content":{"rendered":"\n<p>Familiares de Alberto N, el joven detenido y acusado de ser el mismo que fue captado en un video manoseando a una menor de edad en calles de la colonia Miguel Hidalgo, aseguran que el detenido es inocente y que el verdadero responsable, incluso ya ubicado por los mismos vecinos de la zona, contin\u00faa libre, mientras el hoy vinculado a proceso ya fue v\u00edctima de violaciones al interior del penal de San Miguel, por no poder pagar para su protecci\u00f3n.<\/p>\n\n\n\n<p>Jos\u00e9 Alberto Cruz Vera, quien se identific\u00f3 como padre del joven detenido, coment\u00f3 a El Sol de Puebla que su hijo trabaja en un autolavado y el d\u00eda y la hora en que ocurri\u00f3 el ataque contra la menor que incluso iba con uniforme, \u00e9l se encontraba en otro lado.<\/p>\n\n\n\n<p>Aunque por cuestiones legales no pudo revelar mayores detalles sobre las pruebas que tienen de la inocencia de Alberto, s\u00ed adelant\u00f3 que cuentan con testigos que pueden corroborar que su hijo no estaba en ese punto a la hora mencionada e incluso sobre su comportamiento y que es un hombre de trabajo.<br>El declarante acus\u00f3 que se trata de una injusticia, pues el verdadero responsable est\u00e1 identificado por los vecinos y saben d\u00f3nde vive, cuesti\u00f3n que los agentes investigadores ni siquiera indagaron, adem\u00e1s de que subray\u00f3 que entre su hijo y el hombre que aparece en el video captado por las c\u00e1maras de seguridad de la zona, ni siquiera hay un parecido.<\/p>\n\n\n\n<p>Seg\u00fan las im\u00e1genes del video que se hizo viral, tras lo sucedido la ma\u00f1ana del pasado 14 de junio, el atacante es un hombre de entre 30 y 35 a\u00f1os de edad, estatura media, tez morena y complexi\u00f3n robusta, mientras el detenido es delgado y de tez api\u00f1onada.<\/p>\n\n\n\n<p>Incluso en redes sociales varias personas han cuestionado y asegurado que no se trata de la misma persona, por lo que pidieron que la Fiscal\u00eda de Puebla investigue m\u00e1s a fondo.<\/p>\n\n\n\n<p>\u201cAh caray y c\u00f3mo lo reconocieron? \u00bfSer\u00e1 un chivo expiatorio m\u00e1s? Y el verdadero responsable anda libre\u201d, \u201cque se esclarezca. No hay parecido\u201d, \u201cS\u00ed ser\u00e1 el tipejo?\u201d, comentaron algunos usuarios de Facebook.<br><\/p>\n\n\n\n<p>En este sentido Cruz Vera refiri\u00f3 que la detenci\u00f3n de su hijo ocurri\u00f3 en la colonia Sat\u00e9lite Magisterial, donde vive con su esposa y ahora por una injusticia, Alberto est\u00e1 sufriendo diversos abusos.<br>\u201cAlberto, por el caso que lo est\u00e1n acusando, ya sufri\u00f3 diversos abusos, violaciones en el penal, \u00e9l anda mal, yo no tengo el dinero para pagar para su protecci\u00f3n, no me dejan verlo, lo tienen aislado de la familia y la \u00fanica que lo ha podido ver es su hermana\u201d, narr\u00f3 el padre del asegurado.<\/p>\n\n\n\n<p>De igual manera, el entrevistado cont\u00f3 que durante la \u00faltima audiencia, en la de vinculaci\u00f3n a proceso, \u00e9l se acerc\u00f3 con el padrastro y la madre de la menor para tratar de que recapacitaran en su acusaci\u00f3n, pues ellos los conocen como familia, pero se negaron a hablar y dijeron que la Fiscal\u00eda de Puebla se iba a encargar.<\/p>\n\n\n\n<p>\u201cYo conozco al padrastro y a la mam\u00e1 de la ni\u00f1a, a la ni\u00f1a no la conozco, pero s\u00ed a los pap\u00e1s, el d\u00eda que tuvo la audiencia Alberto, les dije que no fueran injustos, que no era, pero me tacharon de no s\u00e9 qu\u00e9 cosa y solo me mencionaron que no pod\u00edan decirme nada. Ahorita que hicimos estas fotos de comparativas, pues se ha compartido en redes sociales, todos saben d\u00f3nde vive el verdadero degenerado, el trabajo que no ha hecho la gente de investigaci\u00f3n ya se hizo por parte de los ciudadanos que est\u00e1n reconociendo que Alberto no tiene nada que ver\u201d, explic\u00f3.<\/p>\n\n\n\n<p>Finalmente, el declarante refiri\u00f3 que la noche del domingo, de manera sospechosa, los padres de la menor intentaron hablar con \u00e9l, pero ante la situaci\u00f3n que est\u00e1 sufriendo su hijo, proceder\u00e1 legalmente contra quienes tenga que proceder por difamaci\u00f3n, da\u00f1o moral y da\u00f1o sicol\u00f3gico cometido en agravio de Alberto.<\/p>\n\n\n\n<p>Tiene 11 a\u00f1os menor manoseada por sujeto en San Antonio Abad<br>\u201cAnoche, la parte acusadora ya pide hablar conmigo, pero al principio me rechazaron y me dijeron que lo arreglara la Fiscal\u00eda, yo ya voy contra todos por la difamaci\u00f3n, el da\u00f1o moral y todo el sufrimiento sicol\u00f3gico que ha sufrido mi hijo; todos los gastos que se han generado, est\u00e1n haciendo un se\u00f1alamiento que nada que ver; \u00e9l se encontraba en otro lugar y hay qui\u00e9nes lo pueden avalar\u201d, finaliz\u00f3 el padre del acusado.<\/p>\n\n\n\n<p>C\u00c1MARAS CAPTAN AGRESI\u00d3N CONTRA MENOR<br>Fue la ma\u00f1ana del pasado 14 de junio, cuando la v\u00edctima, una estudiante de 11 a\u00f1os, sali\u00f3 de su domicilio en la colonia Miguel Hidalgo, para dirigirse a la tienda; a su regreso, sobre la calle Manuel Acu\u00f1a, fue interceptada por un sujeto que, mediante la fuerza, la someti\u00f3 y le tap\u00f3 la boca para realizarle tocamientos lascivos. Durante la agresi\u00f3n, la ni\u00f1a mordi\u00f3 al agresor provocando que la soltara.<\/p>\n\n\n\n<p>El hecho qued\u00f3 grabado a trav\u00e9s de c\u00e1maras de vigilancia de la zona; d\u00edas despu\u00e9s, el caso fue difundido a trav\u00e9s de redes sociales, donde aseguraron que no era la primera vez que ocurr\u00eda un caso como el anterior e incluso se\u00f1alaron que podr\u00eda tratarse del mismo sujeto.<\/p>\n\n\n\n<p>Posteriormente, las autoridades municipales aseguraron que ya estaba identificado y que se trataba de un presunto narcomenudista de la zona.<\/p>\n","protected":false},"excerpt":{"rendered":"<p>Familiares de Alberto N, el joven detenido y acusado de ser el mismo que fue captado en un video manoseando a una menor de edad en calles de la colonia Miguel Hidalgo, aseguran que el detenido es inocente y que el verdadero responsable, incluso ya ubicado por los mismos vecinos de la zona, contin\u00faa libre, [&hellip;]<\/p>\n","protected":false},"author":4,"featured_media":10759,"comment_status":"open","ping_status":"open","sticky":false,"template":"","format":"standard","meta":{"om_disable_all_campaigns":false,"_monsterinsights_skip_tracking":false,"_monsterinsights_sitenote_active":false,"_monsterinsights_sitenote_note":"","_monsterinsights_sitenote_category":0,"footnotes":""},"categories":[175],"tags":[195,223],"class_list":["post-10757","post","type-post","status-publish","format-standard","has-post-thumbnail","hentry","category-local","tag-principal","tag-puebla"],"amp_enabled":true,"_links":{"self":[{"href":"https:\/\/lahora.mx\/index.php\/wp-json\/wp\/v2\/posts\/10757","targetHints":{"allow":["GET"]}}],"collection":[{"href":"https:\/\/lahora.mx\/index.php\/wp-json\/wp\/v2\/posts"}],"about":[{"href":"https:\/\/lahora.mx\/index.php\/wp-json\/wp\/v2\/types\/post"}],"author":[{"embeddable":true,"href":"https:\/\/lahora.mx\/index.php\/wp-json\/wp\/v2\/users\/4"}],"replies":[{"embeddable":true,"href":"https:\/\/lahora.mx\/index.php\/wp-json\/wp\/v2\/comments?post=10757"}],"version-history":[{"count":1,"href":"https:\/\/lahora.mx\/index.php\/wp-json\/wp\/v2\/posts\/10757\/revisions"}],"predecessor-version":[{"id":10760,"href":"https:\/\/lahora.mx\/index.php\/wp-json\/wp\/v2\/posts\/10757\/revisions\/10760"}],"wp:featuredmedia":[{"embeddable":true,"href":"https:\/\/lahora.mx\/index.php\/wp-json\/wp\/v2\/media\/10759"}],"wp:attachment":[{"href":"https:\/\/lahora.mx\/index.php\/wp-json\/wp\/v2\/media?parent=10757"}],"wp:term":[{"taxonomy":"category","embeddable":true,"href":"https:\/\/lahora.mx\/index.php\/wp-json\/wp\/v2\/categories?post=10757"},{"taxonomy":"post_tag","embeddable":true,"href":"https:\/\/lahora.mx\/index.php\/wp-json\/wp\/v2\/tags?post=10757"}],"curies":[{"name":"wp","href":"https:\/\/api.w.org\/{rel}","templated":true}]}}