{"id":10754,"date":"2022-07-26T20:13:57","date_gmt":"2022-07-26T20:13:57","guid":{"rendered":"http:\/\/lahora.mx\/?p=10754"},"modified":"2022-07-26T20:13:58","modified_gmt":"2022-07-26T20:13:58","slug":"se-iniciara-la-produccion-de-autos-electricos-en-puebla-en-2026-volkswagen","status":"publish","type":"post","link":"https:\/\/lahora.mx\/index.php\/2022\/07\/26\/se-iniciara-la-produccion-de-autos-electricos-en-puebla-en-2026-volkswagen\/","title":{"rendered":"Se iniciar\u00e1 la producci\u00f3n de autos el\u00e9ctricos en Puebla en 2026: Volkswagen"},"content":{"rendered":"\n<p>Durante el a\u00f1o 2026 o 2027, la empresa Volkswagen M\u00e9xico tiene programado iniciar la producci\u00f3n de autom\u00f3viles el\u00e9ctricos en su planta ubicada en el estado de Puebla.<\/p>\n\n\n\n<p>Jos\u00e9 Juan Hern\u00e1ndez L\u00f3pez, l\u00edder del sindicato independiente de la armadora, explic\u00f3 que su organismo se ha encargado de gestionar ante la compa\u00f1\u00eda el proyecto tecnol\u00f3gico.<\/p>\n\n\n\n<p>Esto con el fin de que la armadora logre a mediano plazo cambiar los motores de combusti\u00f3n por los el\u00e9ctricos, ya que actualmente mantiene un rezago a diferencia de otras industrias a nivel mundial.<\/p>\n\n\n\n<p>Leer m\u00e1s: Acuerdo del 11% en VW, fijar\u00e1 nuevo par\u00e1metro para negociaciones en la industria automotriz<br>Incluso mencion\u00f3 que la f\u00e1brica de Puebla est\u00e1 operando al 60 por ciento de su capacidad, ya que solo producen tres modelos, los cuales son el Jetta, Taos y Tiguan.<\/p>\n\n\n\n<p>Con el nuevo proyecto en puerta, la planta ubicada en el municipio de Cuautlancingo se pondr\u00e1 a la vanguardia con el uso de tecnolog\u00edas y automatizaci\u00f3n digital conforme lo demanda las nuevas tendencias del mercado.<\/p>\n\n\n\n<p>En junio sube exportaci\u00f3n de veh\u00edculos elaborados en Audi y VW<br>\u00abComo instituci\u00f3n siempre estamos en la b\u00fasqueda de gestionar nuevos proyectos ante la empresa. Ya tenemos un proyecto el\u00e9ctrico que est\u00e1 programado iniciar entre 2026 y 2027, por lo que nos estamos preparando para adaptarnos a esos cambios tecnol\u00f3gicos que tarde o temprano van a llegar\u201d, anunci\u00f3.<\/p>\n\n\n\n<p>Jos\u00e9 Juan Hern\u00e1ndez destac\u00f3 que actualmente existe disposici\u00f3n de los trabajadores para capacitarse a fin de que la planta local de Volkswagen atraiga proyectos de movilidad el\u00e9ctrica.<\/p>\n\n\n\n<p>\u00abHemos estado platicando con la empresa para que se empiece capacitar al personal en todas estas nuevas tecnolog\u00edas que tarde o temprano van a llegar\u201d, anunci\u00f3.<\/p>\n\n\n\n<p>Sobre el tema, Luis Espinosa Rueda, presidente de la C\u00e1mara Nacional de la Industria de la Transformaci\u00f3n (Canacintra), dio a conocer que es una necesidad urgente que Puebla implemente la producci\u00f3n de autos el\u00e9ctricos para seguir siendo un referente en la industria automotriz.<\/p>\n\n\n\n<p>Sin embargo, mencion\u00f3 que las malas decisiones que ha tomado el gobierno federal en torno a la econom\u00eda del pa\u00eds, as\u00ed como la falta de energ\u00edas renovables y la incertidumbre de proveedur\u00eda, podr\u00eda ocasionar que las inversiones el\u00e9ctricas no lleguen a M\u00e9xico.<\/p>\n\n\n\n<p>Lo anterior, debido a los principales inversionistas buscar\u00e1n destinar sus recursos financieros a lugares m\u00e1s rentables, entre los que se encuentran Canad\u00e1 y Estados Unidos.<\/p>\n","protected":false},"excerpt":{"rendered":"<p>Durante el a\u00f1o 2026 o 2027, la empresa Volkswagen M\u00e9xico tiene programado iniciar la producci\u00f3n de autom\u00f3viles el\u00e9ctricos en su planta ubicada en el estado de Puebla. Jos\u00e9 Juan Hern\u00e1ndez L\u00f3pez, l\u00edder del sindicato independiente de la armadora, explic\u00f3 que su organismo se ha encargado de gestionar ante la compa\u00f1\u00eda el proyecto tecnol\u00f3gico. Esto con [&hellip;]<\/p>\n","protected":false},"author":4,"featured_media":10755,"comment_status":"open","ping_status":"open","sticky":false,"template":"","format":"standard","meta":{"om_disable_all_campaigns":false,"_monsterinsights_skip_tracking":false,"_monsterinsights_sitenote_active":false,"_monsterinsights_sitenote_note":"","_monsterinsights_sitenote_category":0,"footnotes":""},"categories":[175],"tags":[195,223],"class_list":["post-10754","post","type-post","status-publish","format-standard","has-post-thumbnail","hentry","category-local","tag-principal","tag-puebla"],"amp_enabled":true,"_links":{"self":[{"href":"https:\/\/lahora.mx\/index.php\/wp-json\/wp\/v2\/posts\/10754","targetHints":{"allow":["GET"]}}],"collection":[{"href":"https:\/\/lahora.mx\/index.php\/wp-json\/wp\/v2\/posts"}],"about":[{"href":"https:\/\/lahora.mx\/index.php\/wp-json\/wp\/v2\/types\/post"}],"author":[{"embeddable":true,"href":"https:\/\/lahora.mx\/index.php\/wp-json\/wp\/v2\/users\/4"}],"replies":[{"embeddable":true,"href":"https:\/\/lahora.mx\/index.php\/wp-json\/wp\/v2\/comments?post=10754"}],"version-history":[{"count":1,"href":"https:\/\/lahora.mx\/index.php\/wp-json\/wp\/v2\/posts\/10754\/revisions"}],"predecessor-version":[{"id":10756,"href":"https:\/\/lahora.mx\/index.php\/wp-json\/wp\/v2\/posts\/10754\/revisions\/10756"}],"wp:featuredmedia":[{"embeddable":true,"href":"https:\/\/lahora.mx\/index.php\/wp-json\/wp\/v2\/media\/10755"}],"wp:attachment":[{"href":"https:\/\/lahora.mx\/index.php\/wp-json\/wp\/v2\/media?parent=10754"}],"wp:term":[{"taxonomy":"category","embeddable":true,"href":"https:\/\/lahora.mx\/index.php\/wp-json\/wp\/v2\/categories?post=10754"},{"taxonomy":"post_tag","embeddable":true,"href":"https:\/\/lahora.mx\/index.php\/wp-json\/wp\/v2\/tags?post=10754"}],"curies":[{"name":"wp","href":"https:\/\/api.w.org\/{rel}","templated":true}]}}