{"id":10742,"date":"2022-07-26T19:52:32","date_gmt":"2022-07-26T19:52:32","guid":{"rendered":"http:\/\/lahora.mx\/?p=10742"},"modified":"2022-07-26T19:52:33","modified_gmt":"2022-07-26T19:52:33","slug":"marcha-por-la-paz-en-tehuacan","status":"publish","type":"post","link":"https:\/\/lahora.mx\/index.php\/2022\/07\/26\/marcha-por-la-paz-en-tehuacan\/","title":{"rendered":"Marcha por la paz en Tehuac\u00e1n"},"content":{"rendered":"\n<p>La Di\u00f3cesis de Tehuac\u00e1n invit\u00f3 a los ciudadanos a participar en la marcha por la Jornada de Oraci\u00f3n por la Paz, la cual se realizar\u00e1 el pr\u00f3ximo 29 de julio, por lo que se espera una buena participaci\u00f3n.<\/p>\n\n\n\n<p>Jos\u00e9 Santos M\u00e9ndez, de la Oficina de Comunicaci\u00f3n y Prensa de la Di\u00f3cesis de Tehuac\u00e1n inform\u00f3 que la marcha iniciar\u00e1 a las 5:30 de la tarde en Plaza Tehuac\u00e1n y finalizar\u00e1 en el parque Jard\u00edn Guadalupe.<\/p>\n\n\n\n<p>Agreg\u00f3 que se han invitado a creyentes de las 19 parroquias que se encuentran tan solo en el municipio de Tehuac\u00e1n, adem\u00e1s de c\u00e1maras empresariales y escuelas, quienes deber\u00e1n probar vestimenta blanca o una bandera blanca elaborada con papel.<br>Al terminar el recorrido, se har\u00e1 un pronunciamiento, en donde se pedir\u00e1 por la paz y la uni\u00f3n familiar, adem\u00e1s habr\u00e1 una convivencia con m\u00fasica y varias actividades.<\/p>\n\n\n\n<p>Santos M\u00e9ndez coment\u00f3 que la violencia que se vive en el pa\u00eds, estado y municipio es preocupante y se debe trabajar en ello, pero tambi\u00e9n desde la casa se puede hacer un trabajo significativo con la familia.<\/p>\n","protected":false},"excerpt":{"rendered":"<p>La Di\u00f3cesis de Tehuac\u00e1n invit\u00f3 a los ciudadanos a participar en la marcha por la Jornada de Oraci\u00f3n por la Paz, la cual se realizar\u00e1 el pr\u00f3ximo 29 de julio, por lo que se espera una buena participaci\u00f3n. Jos\u00e9 Santos M\u00e9ndez, de la Oficina de Comunicaci\u00f3n y Prensa de la Di\u00f3cesis de Tehuac\u00e1n inform\u00f3 que [&hellip;]<\/p>\n","protected":false},"author":4,"featured_media":10743,"comment_status":"open","ping_status":"open","sticky":false,"template":"","format":"standard","meta":{"om_disable_all_campaigns":false,"_monsterinsights_skip_tracking":false,"_monsterinsights_sitenote_active":false,"_monsterinsights_sitenote_note":"","_monsterinsights_sitenote_category":0,"footnotes":""},"categories":[175],"tags":[223],"class_list":["post-10742","post","type-post","status-publish","format-standard","has-post-thumbnail","hentry","category-local","tag-puebla"],"amp_enabled":true,"_links":{"self":[{"href":"https:\/\/lahora.mx\/index.php\/wp-json\/wp\/v2\/posts\/10742","targetHints":{"allow":["GET"]}}],"collection":[{"href":"https:\/\/lahora.mx\/index.php\/wp-json\/wp\/v2\/posts"}],"about":[{"href":"https:\/\/lahora.mx\/index.php\/wp-json\/wp\/v2\/types\/post"}],"author":[{"embeddable":true,"href":"https:\/\/lahora.mx\/index.php\/wp-json\/wp\/v2\/users\/4"}],"replies":[{"embeddable":true,"href":"https:\/\/lahora.mx\/index.php\/wp-json\/wp\/v2\/comments?post=10742"}],"version-history":[{"count":1,"href":"https:\/\/lahora.mx\/index.php\/wp-json\/wp\/v2\/posts\/10742\/revisions"}],"predecessor-version":[{"id":10744,"href":"https:\/\/lahora.mx\/index.php\/wp-json\/wp\/v2\/posts\/10742\/revisions\/10744"}],"wp:featuredmedia":[{"embeddable":true,"href":"https:\/\/lahora.mx\/index.php\/wp-json\/wp\/v2\/media\/10743"}],"wp:attachment":[{"href":"https:\/\/lahora.mx\/index.php\/wp-json\/wp\/v2\/media?parent=10742"}],"wp:term":[{"taxonomy":"category","embeddable":true,"href":"https:\/\/lahora.mx\/index.php\/wp-json\/wp\/v2\/categories?post=10742"},{"taxonomy":"post_tag","embeddable":true,"href":"https:\/\/lahora.mx\/index.php\/wp-json\/wp\/v2\/tags?post=10742"}],"curies":[{"name":"wp","href":"https:\/\/api.w.org\/{rel}","templated":true}]}}