{"id":1072,"date":"2021-12-30T15:07:51","date_gmt":"2021-12-30T15:07:51","guid":{"rendered":"http:\/\/lahora.mx\/?p=1072"},"modified":"2021-12-30T15:07:51","modified_gmt":"2021-12-30T15:07:51","slug":"conductores-de-uber-y-didi-cierren-el-periferico-ecologico","status":"publish","type":"post","link":"https:\/\/lahora.mx\/index.php\/2021\/12\/30\/conductores-de-uber-y-didi-cierren-el-periferico-ecologico\/","title":{"rendered":"conductores de Uber y Didi  cierren el Perif\u00e9rico Ecol\u00f3gico"},"content":{"rendered":"<p>Peri Plaza y la Calzada Zaragoza (Estadio Cuauht\u00e9moc) a partir de las 7:30 hrs los conductores\u00a0 cerraron\u00a0 calles para exigir les regresen las tarifas libres Puebla<\/p>\n","protected":false},"excerpt":{"rendered":"<p>Peri Plaza y la Calzada Zaragoza (Estadio Cuauht\u00e9moc) a partir de las 7:30 hrs los conductores\u00a0 cerraron\u00a0 calles para exigir les regresen las tarifas libres Puebla<\/p>\n","protected":false},"author":4,"featured_media":1073,"comment_status":"open","ping_status":"open","sticky":false,"template":"","format":"standard","meta":{"om_disable_all_campaigns":false,"_monsterinsights_skip_tracking":false,"_monsterinsights_sitenote_active":false,"_monsterinsights_sitenote_note":"","_monsterinsights_sitenote_category":0,"footnotes":""},"categories":[175],"tags":[],"class_list":["post-1072","post","type-post","status-publish","format-standard","has-post-thumbnail","hentry","category-local"],"amp_enabled":true,"_links":{"self":[{"href":"https:\/\/lahora.mx\/index.php\/wp-json\/wp\/v2\/posts\/1072","targetHints":{"allow":["GET"]}}],"collection":[{"href":"https:\/\/lahora.mx\/index.php\/wp-json\/wp\/v2\/posts"}],"about":[{"href":"https:\/\/lahora.mx\/index.php\/wp-json\/wp\/v2\/types\/post"}],"author":[{"embeddable":true,"href":"https:\/\/lahora.mx\/index.php\/wp-json\/wp\/v2\/users\/4"}],"replies":[{"embeddable":true,"href":"https:\/\/lahora.mx\/index.php\/wp-json\/wp\/v2\/comments?post=1072"}],"version-history":[{"count":1,"href":"https:\/\/lahora.mx\/index.php\/wp-json\/wp\/v2\/posts\/1072\/revisions"}],"predecessor-version":[{"id":1074,"href":"https:\/\/lahora.mx\/index.php\/wp-json\/wp\/v2\/posts\/1072\/revisions\/1074"}],"wp:featuredmedia":[{"embeddable":true,"href":"https:\/\/lahora.mx\/index.php\/wp-json\/wp\/v2\/media\/1073"}],"wp:attachment":[{"href":"https:\/\/lahora.mx\/index.php\/wp-json\/wp\/v2\/media?parent=1072"}],"wp:term":[{"taxonomy":"category","embeddable":true,"href":"https:\/\/lahora.mx\/index.php\/wp-json\/wp\/v2\/categories?post=1072"},{"taxonomy":"post_tag","embeddable":true,"href":"https:\/\/lahora.mx\/index.php\/wp-json\/wp\/v2\/tags?post=1072"}],"curies":[{"name":"wp","href":"https:\/\/api.w.org\/{rel}","templated":true}]}}