{"id":10681,"date":"2022-07-25T23:08:30","date_gmt":"2022-07-25T23:08:30","guid":{"rendered":"http:\/\/lahora.mx\/?p=10681"},"modified":"2022-07-25T23:08:31","modified_gmt":"2022-07-25T23:08:31","slug":"militantes-de-morena-anuncian-que-impugnaran-una-eleccion-interna","status":"publish","type":"post","link":"https:\/\/lahora.mx\/index.php\/2022\/07\/25\/militantes-de-morena-anuncian-que-impugnaran-una-eleccion-interna\/","title":{"rendered":"Militantes de Morena anuncian que Impugnar\u00e1n una elecci\u00f3n interna"},"content":{"rendered":"\n<p>Militantes de Morena en Puebla que fueron marginados de la lista de aspirantes a consejeros estatales impugnar\u00e1n la decisi\u00f3n de la Comisi\u00f3n Nacional de Elecciones del partido para tratar de suspender la votaci\u00f3n del pr\u00f3ximo 30 de julio.<\/p>\n\n\n\n<p>En conferencia de prensa, el abogado y activista Omar Jim\u00e9nez Castro declar\u00f3 que hay aspirantes inconformes, por lo cual este martes dar\u00e1n a conocer la lista de morenistas que promover\u00e1n juicios ante los tribunales electorales y tambi\u00e9n anticip\u00f3 que habr\u00e1 otros militantes que no querr\u00e1n hacer \u201cruido\u201d.<\/p>\n\n\n\n<p>La intenci\u00f3n de los juicios es que el partido explique por qu\u00e9 fueron publicadas hasta tres o cuatro listas con diferentes nombres de cara a la elecci\u00f3n interna del 30 de julio, fecha en que se elegir\u00e1n a 150 consejeros estatales (75 mujeres y 75 hombres) que despu\u00e9s votar\u00e1n por los integrantes del Comit\u00e9 Ejecutivo Estatal (CEE).<br>A este llamado se sumaron el diputado federal Alejandro Carvajal Hidalgo y el l\u00edder de la organizaci\u00f3n El Barz\u00f3n Poblano, Gerardo L\u00f3pez Ram\u00edrez, quienes advirtieron que buscar\u00e1n suspender la elecci\u00f3n del pr\u00f3ximo s\u00e1bado con impugnaciones ante el Tribunal Electoral del Poder Judicial de la Federaci\u00f3n (Tepjf).<\/p>\n\n\n\n<p>El 23 de julio se desat\u00f3 el caos por la publicaci\u00f3n de distintas listas de candidatos a consejeros estatales de Morena, la ca\u00edda de su p\u00e1gina de internet y un supuesto \u00abhackeo\u00bb que impidi\u00f3 conocer los registros oficiales, por lo que aspirantes advirtieron que la elecci\u00f3n interna podr\u00eda judicializarse.<\/p>\n","protected":false},"excerpt":{"rendered":"<p>Militantes de Morena en Puebla que fueron marginados de la lista de aspirantes a consejeros estatales impugnar\u00e1n la decisi\u00f3n de la Comisi\u00f3n Nacional de Elecciones del partido para tratar de suspender la votaci\u00f3n del pr\u00f3ximo 30 de julio. En conferencia de prensa, el abogado y activista Omar Jim\u00e9nez Castro declar\u00f3 que hay aspirantes inconformes, por [&hellip;]<\/p>\n","protected":false},"author":4,"featured_media":10682,"comment_status":"open","ping_status":"open","sticky":false,"template":"","format":"standard","meta":{"om_disable_all_campaigns":false,"_monsterinsights_skip_tracking":false,"_monsterinsights_sitenote_active":false,"_monsterinsights_sitenote_note":"","_monsterinsights_sitenote_category":0,"footnotes":""},"categories":[176],"tags":[],"class_list":["post-10681","post","type-post","status-publish","format-standard","has-post-thumbnail","hentry","category-nacional"],"amp_enabled":true,"_links":{"self":[{"href":"https:\/\/lahora.mx\/index.php\/wp-json\/wp\/v2\/posts\/10681","targetHints":{"allow":["GET"]}}],"collection":[{"href":"https:\/\/lahora.mx\/index.php\/wp-json\/wp\/v2\/posts"}],"about":[{"href":"https:\/\/lahora.mx\/index.php\/wp-json\/wp\/v2\/types\/post"}],"author":[{"embeddable":true,"href":"https:\/\/lahora.mx\/index.php\/wp-json\/wp\/v2\/users\/4"}],"replies":[{"embeddable":true,"href":"https:\/\/lahora.mx\/index.php\/wp-json\/wp\/v2\/comments?post=10681"}],"version-history":[{"count":1,"href":"https:\/\/lahora.mx\/index.php\/wp-json\/wp\/v2\/posts\/10681\/revisions"}],"predecessor-version":[{"id":10683,"href":"https:\/\/lahora.mx\/index.php\/wp-json\/wp\/v2\/posts\/10681\/revisions\/10683"}],"wp:featuredmedia":[{"embeddable":true,"href":"https:\/\/lahora.mx\/index.php\/wp-json\/wp\/v2\/media\/10682"}],"wp:attachment":[{"href":"https:\/\/lahora.mx\/index.php\/wp-json\/wp\/v2\/media?parent=10681"}],"wp:term":[{"taxonomy":"category","embeddable":true,"href":"https:\/\/lahora.mx\/index.php\/wp-json\/wp\/v2\/categories?post=10681"},{"taxonomy":"post_tag","embeddable":true,"href":"https:\/\/lahora.mx\/index.php\/wp-json\/wp\/v2\/tags?post=10681"}],"curies":[{"name":"wp","href":"https:\/\/api.w.org\/{rel}","templated":true}]}}