{"id":10669,"date":"2022-07-25T18:33:22","date_gmt":"2022-07-25T18:33:22","guid":{"rendered":"http:\/\/lahora.mx\/?p=10669"},"modified":"2022-07-25T18:33:23","modified_gmt":"2022-07-25T18:33:23","slug":"la-economia-mexicana-se-contrajo-0-2-en-mayo","status":"publish","type":"post","link":"https:\/\/lahora.mx\/index.php\/2022\/07\/25\/la-economia-mexicana-se-contrajo-0-2-en-mayo\/","title":{"rendered":"La econom\u00eda mexicana se contrajo 0.2% en mayo"},"content":{"rendered":"\n<p>La actividad econ\u00f3mica mexicana se contrajo 0.2% durante mayo del 2022 en comparaci\u00f3n con el mes previo. Esta ca\u00edda se explica por la p\u00e9rdida de dinamismo en los sectores m\u00e1s importantes: el comercio y los servicios.<\/p>\n\n\n\n<p>El Indicador Global de Actividad Econ\u00f3mica (IGAE) del Inegi registr\u00f3 su primera contracci\u00f3n desde octubre del 2021, y da se\u00f1ales de una desaceleraci\u00f3n, en l\u00ednea con las tendencias globales.<\/p>\n\n\n\n<p>En este quinto mes del a\u00f1o, las actividades terciarias (comercio y servicios) registraron una ca\u00edda en su nivel de actividad de 0.3% en su comparaci\u00f3n mensual. Este rubro es fundamental porque aporta cerca del 65% al PIB total nacional.<\/p>\n\n\n\n<p>Por su parte, las actividades secundarias (sector industrial) registraron un modesto avance de apenas 0.1% durante este lapso. Y las actividades primarias (agricultura, ganader\u00eda, caza, pesca y aprovechamiento forestal) avanzaron 2.2 por ciento.<\/p>\n\n\n\n<p>En su comparaci\u00f3n interanual, la actividad econ\u00f3mica en M\u00e9xico logr\u00f3 un avance de 1.3%, impulsado por las mejoras en los sectores primario y secundario.<\/p>\n\n\n\n<p>La inflaci\u00f3n y los rebrotes de Covid-19 podr\u00edan estar presionando el dinamismo de las actividades terciarias, y en consecuencia llevando la producci\u00f3n nacional a la baja, durante la segunda mitad del 2022. Los expertos e instituciones esperan un crecimiento para el PIB de M\u00e9xico de entre 1 y 2% al cierre del a\u00f1o.<\/p>\n","protected":false},"excerpt":{"rendered":"<p>La actividad econ\u00f3mica mexicana se contrajo 0.2% durante mayo del 2022 en comparaci\u00f3n con el mes previo. Esta ca\u00edda se explica por la p\u00e9rdida de dinamismo en los sectores m\u00e1s importantes: el comercio y los servicios. El Indicador Global de Actividad Econ\u00f3mica (IGAE) del Inegi registr\u00f3 su primera contracci\u00f3n desde octubre del 2021, y da [&hellip;]<\/p>\n","protected":false},"author":4,"featured_media":10670,"comment_status":"open","ping_status":"open","sticky":false,"template":"","format":"standard","meta":{"om_disable_all_campaigns":false,"_monsterinsights_skip_tracking":false,"_monsterinsights_sitenote_active":false,"_monsterinsights_sitenote_note":"","_monsterinsights_sitenote_category":0,"footnotes":""},"categories":[176],"tags":[195],"class_list":["post-10669","post","type-post","status-publish","format-standard","has-post-thumbnail","hentry","category-nacional","tag-principal"],"amp_enabled":true,"_links":{"self":[{"href":"https:\/\/lahora.mx\/index.php\/wp-json\/wp\/v2\/posts\/10669","targetHints":{"allow":["GET"]}}],"collection":[{"href":"https:\/\/lahora.mx\/index.php\/wp-json\/wp\/v2\/posts"}],"about":[{"href":"https:\/\/lahora.mx\/index.php\/wp-json\/wp\/v2\/types\/post"}],"author":[{"embeddable":true,"href":"https:\/\/lahora.mx\/index.php\/wp-json\/wp\/v2\/users\/4"}],"replies":[{"embeddable":true,"href":"https:\/\/lahora.mx\/index.php\/wp-json\/wp\/v2\/comments?post=10669"}],"version-history":[{"count":1,"href":"https:\/\/lahora.mx\/index.php\/wp-json\/wp\/v2\/posts\/10669\/revisions"}],"predecessor-version":[{"id":10671,"href":"https:\/\/lahora.mx\/index.php\/wp-json\/wp\/v2\/posts\/10669\/revisions\/10671"}],"wp:featuredmedia":[{"embeddable":true,"href":"https:\/\/lahora.mx\/index.php\/wp-json\/wp\/v2\/media\/10670"}],"wp:attachment":[{"href":"https:\/\/lahora.mx\/index.php\/wp-json\/wp\/v2\/media?parent=10669"}],"wp:term":[{"taxonomy":"category","embeddable":true,"href":"https:\/\/lahora.mx\/index.php\/wp-json\/wp\/v2\/categories?post=10669"},{"taxonomy":"post_tag","embeddable":true,"href":"https:\/\/lahora.mx\/index.php\/wp-json\/wp\/v2\/tags?post=10669"}],"curies":[{"name":"wp","href":"https:\/\/api.w.org\/{rel}","templated":true}]}}